{"id":2301,"date":"2017-03-20T14:01:26","date_gmt":"2017-03-20T12:01:26","guid":{"rendered":"http:\/\/www.vfl-fluorn-fussball.de\/wordpress\/?p=2301"},"modified":"2017-03-20T14:01:26","modified_gmt":"2017-03-20T12:01:26","slug":"spvgg-stetten-lackendorf-vfl-fluorn-20-00","status":"publish","type":"post","link":"https:\/\/www.vfl-fluorn-fussball.de\/wordpress\/spvgg-stetten-lackendorf-vfl-fluorn-20-00\/","title":{"rendered":"Spvgg Stetten-Lackendorf &#8211; VfL Fluorn 2:0 (0:0)"},"content":{"rendered":"<p>Kein Gl\u00fcck hatte man am vergangenen Wochenende bei der Spielvereinigung aus Stetten-Lackendorf. Vor allem die Platzverh\u00e4ltnisse machten es unseren Offensivkr\u00e4ften erneut schwer zu einem gezielten Abschluss zu kommen und auch der Unparteiische hatte einen nicht unwesentlichen Anteil an der ungl\u00fccklichen Niederlage.<br \/>\nVon Beginn an entwickelte sich ein sehr zerfahrenes Spiel mit einer hohen Zweikampfintensit\u00e4t und vielen Fouls. Speziell die Lackendorfer zeichneten sich hier aus und nach groben Foulspielen an Simon Hess, Jan Ziegler und noch vielen weiteren taktischen Fouls, h\u00e4tte bei anderen unparteiischen die Spielvereinigung nach 60 Minuten vermutlich nur noch zu acht oder zu neunt auf dem Platz agieren k\u00f6nnen. Der Schiedsrichter belie\u00df es aber bei verbalen Ermahnungen oder sehr gn\u00e4digen gelben Karten, sodass die die Lackendorfer das Spiel mit elf Mann beenden konnten. Zum Gl\u00fcck verletzte sich in diesen Aktionen keiner unserer Spieler schwerer. Die Fouls waren dann aber auch schon beinahe die gr\u00f6\u00dften Aufreger in der ersten Halbzeit, denn aus dem Spiel heraus und vor den Toren beider Mannschaften tat sich insgesamt herzlich wenig. Die Spielvereinigung hatte die ein oder andere Halbchance, unsere Elf auf der anderen Seite hatte nur eine gute M\u00f6glichkeit durch Jan Ziegler, wobei bereits zuvor Philipp Hess zu lange vor dem Abschluss z\u00f6gerte und sp\u00e4ter noch Daniel Heizmann, sodass die Situation mit einem Eckball, der nichts einbrachte, endete. M\u00f6chte man unserer Mannschaft einen Vorwurf in diesem Spiel machen, dann war es neben den zu z\u00f6gerlichen Abschlussversuchen vor allem die unz\u00e4hligen Standards, die insgesamt schlecht getreten waren, sodass nicht bei einem Standard wirkliche Gefahr f\u00fcr das Geh\u00e4use der Spielvereinigung entstand.<br \/>\nAnsonsten hielt unser Team gegen die hoch gewachsenen Lackendorfer auch in den Zweik\u00e4mpfen wirklich gut dagegen und war insgesamt erkennbar bem\u00fcht, das Spiel zu eigenen Gunsten zu gestalten.<br \/>\nUnmittelbar nach Wiederanpfiff im zweiten Durchgang kassierte man ungl\u00fccklich den 0:1-R\u00fcckstand aus vermeintlicher Abseitsposition. Der Treffer war f\u00fcr das Spiel vorentscheidend. Unsere Elf machte in der Folge zwar sehr viel Druck, war dann auch die spielbestimmende Mannschaft, hatte aber wie zuvor schon im ersten Durchgang im letzten Spieldrittel wenige Ideen und haderte oft mit eigenen Abschlussversuchen. Zudem stand die Defensive der Spielvereinigung insgesamt auch sehr solide. Beste Chance hatte Spielertrainer Mladen Nicolic. Sein sehr guter Schlenzer aus spitzem Winkel konnte aber von einem Abwehrspieler auf der Torlinie noch mit dem Kopf gekl\u00e4rt werden. Unmittelbar vor Spielende kassierte man nach einem Konter noch den 2:0-R\u00fcckstand. Das war zu diesem Zeitpunkt aber nicht mehr wesentlich.    <\/p>\n","protected":false},"excerpt":{"rendered":"<p>Kein Gl\u00fcck hatte man am vergangenen Wochenende bei der Spielvereinigung aus Stetten-Lackendorf. Vor allem die Platzverh\u00e4ltnisse machten es unseren Offensivkr\u00e4ften erneut schwer zu einem gezielten Abschluss zu kommen und auch der Unparteiische hatte einen nicht unwesentlichen Anteil an der ungl\u00fccklichen Niederlage. Von Beginn an entwickelte sich ein sehr zerfahrenes Spiel mit einer hohen Zweikampfintensit\u00e4t und vielen Fouls. Speziell die Lackendorfer zeichneten sich hier aus und nach groben Foulspielen an Simon Hess, Jan Ziegler und noch vielen weiteren taktischen Fouls, h\u00e4tte bei anderen unparteiischen die Spielvereinigung nach 60 Minuten vermutlich nur noch zu acht oder zu neunt auf dem Platz agieren k\u00f6nnen. Der Schiedsrichter belie\u00df es aber bei verbalen Ermahnungen oder [&hellip;]<\/p>\n","protected":false},"author":1,"featured_media":0,"comment_status":"closed","ping_status":"open","sticky":false,"template":"","format":"standard","meta":{"footnotes":""},"categories":[1,3],"tags":[],"class_list":["post-2301","post","type-post","status-publish","format-standard","hentry","category-allgemein","category-spielberichte"],"yoast_head":"<!-- This site is optimized with the Yoast SEO plugin v27.4 - https:\/\/yoast.com\/product\/yoast-seo-wordpress\/ -->\n<title>Spvgg Stetten-Lackendorf - VfL Fluorn 2:0 (0:0) - VfL Fluorn Fu\u00dfball 1924 e.V.<\/title>\n<meta name=\"robots\" content=\"index, follow, max-snippet:-1, max-image-preview:large, max-video-preview:-1\" \/>\n<link rel=\"canonical\" href=\"https:\/\/www.vfl-fluorn-fussball.de\/wordpress\/spvgg-stetten-lackendorf-vfl-fluorn-20-00\/\" \/>\n<meta property=\"og:locale\" content=\"de_DE\" \/>\n<meta property=\"og:type\" content=\"article\" \/>\n<meta property=\"og:title\" content=\"Spvgg Stetten-Lackendorf - VfL Fluorn 2:0 (0:0) - VfL Fluorn Fu\u00dfball 1924 e.V.\" \/>\n<meta property=\"og:description\" content=\"Kein Gl\u00fcck hatte man am vergangenen Wochenende bei der Spielvereinigung aus Stetten-Lackendorf. Vor allem die Platzverh\u00e4ltnisse machten es unseren Offensivkr\u00e4ften erneut schwer zu einem gezielten Abschluss zu kommen und auch der Unparteiische hatte einen nicht unwesentlichen Anteil an der ungl\u00fccklichen Niederlage. Von Beginn an entwickelte sich ein sehr zerfahrenes Spiel mit einer hohen Zweikampfintensit\u00e4t und vielen Fouls. Speziell die Lackendorfer zeichneten sich hier aus und nach groben Foulspielen an Simon Hess, Jan Ziegler und noch vielen weiteren taktischen Fouls, h\u00e4tte bei anderen unparteiischen die Spielvereinigung nach 60 Minuten vermutlich nur noch zu acht oder zu neunt auf dem Platz agieren k\u00f6nnen. Der Schiedsrichter belie\u00df es aber bei verbalen Ermahnungen oder [&hellip;]\" \/>\n<meta property=\"og:url\" content=\"https:\/\/www.vfl-fluorn-fussball.de\/wordpress\/spvgg-stetten-lackendorf-vfl-fluorn-20-00\/\" \/>\n<meta property=\"og:site_name\" content=\"VfL Fluorn Fu\u00dfball 1924 e.V.\" \/>\n<meta property=\"article:publisher\" content=\"https:\/\/de-de.facebook.com\/p\/Vfl-Fluorn-1924-eV-100036848576053\/\" \/>\n<meta property=\"article:published_time\" content=\"2017-03-20T12:01:26+00:00\" \/>\n<meta property=\"og:image\" content=\"https:\/\/www.vfl-fluorn-fussball.de\/wordpress\/wp-content\/uploads\/2023\/12\/HeaderWMSponsors4_final-1024x576.png\" \/>\n\t<meta property=\"og:image:width\" content=\"1024\" \/>\n\t<meta property=\"og:image:height\" content=\"576\" \/>\n\t<meta property=\"og:image:type\" content=\"image\/png\" \/>\n<meta name=\"author\" content=\"ankaufma\" \/>\n<meta name=\"twitter:label1\" content=\"Verfasst von\" \/>\n\t<meta name=\"twitter:data1\" content=\"ankaufma\" \/>\n\t<meta name=\"twitter:label2\" content=\"Gesch\u00e4tzte Lesezeit\" \/>\n\t<meta name=\"twitter:data2\" content=\"2\u00a0Minuten\" \/>\n<script type=\"application\/ld+json\" class=\"yoast-schema-graph\">{\"@context\":\"https:\\\/\\\/schema.org\",\"@graph\":[{\"@type\":\"Article\",\"@id\":\"https:\\\/\\\/www.vfl-fluorn-fussball.de\\\/wordpress\\\/spvgg-stetten-lackendorf-vfl-fluorn-20-00\\\/#article\",\"isPartOf\":{\"@id\":\"https:\\\/\\\/www.vfl-fluorn-fussball.de\\\/wordpress\\\/spvgg-stetten-lackendorf-vfl-fluorn-20-00\\\/\"},\"author\":{\"name\":\"ankaufma\",\"@id\":\"https:\\\/\\\/www.vfl-fluorn-fussball.de\\\/wordpress\\\/#\\\/schema\\\/person\\\/3af506b0fa18f0ab2d3369072c2ff93c\"},\"headline\":\"Spvgg Stetten-Lackendorf &#8211; VfL Fluorn 2:0 (0:0)\",\"datePublished\":\"2017-03-20T12:01:26+00:00\",\"mainEntityOfPage\":{\"@id\":\"https:\\\/\\\/www.vfl-fluorn-fussball.de\\\/wordpress\\\/spvgg-stetten-lackendorf-vfl-fluorn-20-00\\\/\"},\"wordCount\":426,\"publisher\":{\"@id\":\"https:\\\/\\\/www.vfl-fluorn-fussball.de\\\/wordpress\\\/#organization\"},\"articleSection\":{\"1\":\"Spielberichte\"},\"inLanguage\":\"de\"},{\"@type\":\"WebPage\",\"@id\":\"https:\\\/\\\/www.vfl-fluorn-fussball.de\\\/wordpress\\\/spvgg-stetten-lackendorf-vfl-fluorn-20-00\\\/\",\"url\":\"https:\\\/\\\/www.vfl-fluorn-fussball.de\\\/wordpress\\\/spvgg-stetten-lackendorf-vfl-fluorn-20-00\\\/\",\"name\":\"Spvgg Stetten-Lackendorf - VfL Fluorn 2:0 (0:0) - VfL Fluorn Fu\u00dfball 1924 e.V.\",\"isPartOf\":{\"@id\":\"https:\\\/\\\/www.vfl-fluorn-fussball.de\\\/wordpress\\\/#website\"},\"datePublished\":\"2017-03-20T12:01:26+00:00\",\"breadcrumb\":{\"@id\":\"https:\\\/\\\/www.vfl-fluorn-fussball.de\\\/wordpress\\\/spvgg-stetten-lackendorf-vfl-fluorn-20-00\\\/#breadcrumb\"},\"inLanguage\":\"de\",\"potentialAction\":[{\"@type\":\"ReadAction\",\"target\":[\"https:\\\/\\\/www.vfl-fluorn-fussball.de\\\/wordpress\\\/spvgg-stetten-lackendorf-vfl-fluorn-20-00\\\/\"]}]},{\"@type\":\"BreadcrumbList\",\"@id\":\"https:\\\/\\\/www.vfl-fluorn-fussball.de\\\/wordpress\\\/spvgg-stetten-lackendorf-vfl-fluorn-20-00\\\/#breadcrumb\",\"itemListElement\":[{\"@type\":\"ListItem\",\"position\":1,\"name\":\"Home\",\"item\":\"https:\\\/\\\/www.vfl-fluorn-fussball.de\\\/wordpress\\\/\"},{\"@type\":\"ListItem\",\"position\":2,\"name\":\"Spvgg Stetten-Lackendorf &#8211; VfL Fluorn 2:0 (0:0)\"}]},{\"@type\":\"WebSite\",\"@id\":\"https:\\\/\\\/www.vfl-fluorn-fussball.de\\\/wordpress\\\/#website\",\"url\":\"https:\\\/\\\/www.vfl-fluorn-fussball.de\\\/wordpress\\\/\",\"name\":\"VfL Fluorn Fu\u00dfball 1924 e.V.\",\"description\":\"Mein Freund ist aus Leder\",\"publisher\":{\"@id\":\"https:\\\/\\\/www.vfl-fluorn-fussball.de\\\/wordpress\\\/#organization\"},\"potentialAction\":[{\"@type\":\"SearchAction\",\"target\":{\"@type\":\"EntryPoint\",\"urlTemplate\":\"https:\\\/\\\/www.vfl-fluorn-fussball.de\\\/wordpress\\\/?s={search_term_string}\"},\"query-input\":{\"@type\":\"PropertyValueSpecification\",\"valueRequired\":true,\"valueName\":\"search_term_string\"}}],\"inLanguage\":\"de\"},{\"@type\":\"Organization\",\"@id\":\"https:\\\/\\\/www.vfl-fluorn-fussball.de\\\/wordpress\\\/#organization\",\"name\":\"VfL Fluorn Fu\u00dfball 1924 e.V.\",\"url\":\"https:\\\/\\\/www.vfl-fluorn-fussball.de\\\/wordpress\\\/\",\"logo\":{\"@type\":\"ImageObject\",\"inLanguage\":\"de\",\"@id\":\"https:\\\/\\\/www.vfl-fluorn-fussball.de\\\/wordpress\\\/#\\\/schema\\\/logo\\\/image\\\/\",\"url\":\"https:\\\/\\\/www.vfl-fluorn-fussball.de\\\/wordpress\\\/wp-content\\\/uploads\\\/2023\\\/12\\\/VfLLogoOhneHintergrund.png\",\"contentUrl\":\"https:\\\/\\\/www.vfl-fluorn-fussball.de\\\/wordpress\\\/wp-content\\\/uploads\\\/2023\\\/12\\\/VfLLogoOhneHintergrund.png\",\"width\":963,\"height\":963,\"caption\":\"VfL Fluorn Fu\u00dfball 1924 e.V.\"},\"image\":{\"@id\":\"https:\\\/\\\/www.vfl-fluorn-fussball.de\\\/wordpress\\\/#\\\/schema\\\/logo\\\/image\\\/\"},\"sameAs\":[\"https:\\\/\\\/de-de.facebook.com\\\/p\\\/Vfl-Fluorn-1924-eV-100036848576053\\\/\"]},{\"@type\":\"Person\",\"@id\":\"https:\\\/\\\/www.vfl-fluorn-fussball.de\\\/wordpress\\\/#\\\/schema\\\/person\\\/3af506b0fa18f0ab2d3369072c2ff93c\",\"name\":\"ankaufma\",\"image\":{\"@type\":\"ImageObject\",\"inLanguage\":\"de\",\"@id\":\"https:\\\/\\\/secure.gravatar.com\\\/avatar\\\/94b25ff5a2ca5bbb66c0f23cf4a2b2599aef9c8365f849d3270fd622c2a0ac17?s=96&d=mm&r=g\",\"url\":\"https:\\\/\\\/secure.gravatar.com\\\/avatar\\\/94b25ff5a2ca5bbb66c0f23cf4a2b2599aef9c8365f849d3270fd622c2a0ac17?s=96&d=mm&r=g\",\"contentUrl\":\"https:\\\/\\\/secure.gravatar.com\\\/avatar\\\/94b25ff5a2ca5bbb66c0f23cf4a2b2599aef9c8365f849d3270fd622c2a0ac17?s=96&d=mm&r=g\",\"caption\":\"ankaufma\"},\"url\":\"https:\\\/\\\/www.vfl-fluorn-fussball.de\\\/wordpress\\\/author\\\/ankaufma\\\/\"}]}<\/script>\n<!-- \/ Yoast SEO plugin. -->","yoast_head_json":{"title":"Spvgg Stetten-Lackendorf - VfL Fluorn 2:0 (0:0) - VfL Fluorn Fu\u00dfball 1924 e.V.","robots":{"index":"index","follow":"follow","max-snippet":"max-snippet:-1","max-image-preview":"max-image-preview:large","max-video-preview":"max-video-preview:-1"},"canonical":"https:\/\/www.vfl-fluorn-fussball.de\/wordpress\/spvgg-stetten-lackendorf-vfl-fluorn-20-00\/","og_locale":"de_DE","og_type":"article","og_title":"Spvgg Stetten-Lackendorf - VfL Fluorn 2:0 (0:0) - VfL Fluorn Fu\u00dfball 1924 e.V.","og_description":"Kein Gl\u00fcck hatte man am vergangenen Wochenende bei der Spielvereinigung aus Stetten-Lackendorf. Vor allem die Platzverh\u00e4ltnisse machten es unseren Offensivkr\u00e4ften erneut schwer zu einem gezielten Abschluss zu kommen und auch der Unparteiische hatte einen nicht unwesentlichen Anteil an der ungl\u00fccklichen Niederlage. Von Beginn an entwickelte sich ein sehr zerfahrenes Spiel mit einer hohen Zweikampfintensit\u00e4t und vielen Fouls. Speziell die Lackendorfer zeichneten sich hier aus und nach groben Foulspielen an Simon Hess, Jan Ziegler und noch vielen weiteren taktischen Fouls, h\u00e4tte bei anderen unparteiischen die Spielvereinigung nach 60 Minuten vermutlich nur noch zu acht oder zu neunt auf dem Platz agieren k\u00f6nnen. Der Schiedsrichter belie\u00df es aber bei verbalen Ermahnungen oder [&hellip;]","og_url":"https:\/\/www.vfl-fluorn-fussball.de\/wordpress\/spvgg-stetten-lackendorf-vfl-fluorn-20-00\/","og_site_name":"VfL Fluorn Fu\u00dfball 1924 e.V.","article_publisher":"https:\/\/de-de.facebook.com\/p\/Vfl-Fluorn-1924-eV-100036848576053\/","article_published_time":"2017-03-20T12:01:26+00:00","og_image":[{"width":1024,"height":576,"url":"https:\/\/www.vfl-fluorn-fussball.de\/wordpress\/wp-content\/uploads\/2023\/12\/HeaderWMSponsors4_final-1024x576.png","type":"image\/png"}],"author":"ankaufma","twitter_misc":{"Verfasst von":"ankaufma","Gesch\u00e4tzte Lesezeit":"2\u00a0Minuten"},"schema":{"@context":"https:\/\/schema.org","@graph":[{"@type":"Article","@id":"https:\/\/www.vfl-fluorn-fussball.de\/wordpress\/spvgg-stetten-lackendorf-vfl-fluorn-20-00\/#article","isPartOf":{"@id":"https:\/\/www.vfl-fluorn-fussball.de\/wordpress\/spvgg-stetten-lackendorf-vfl-fluorn-20-00\/"},"author":{"name":"ankaufma","@id":"https:\/\/www.vfl-fluorn-fussball.de\/wordpress\/#\/schema\/person\/3af506b0fa18f0ab2d3369072c2ff93c"},"headline":"Spvgg Stetten-Lackendorf &#8211; VfL Fluorn 2:0 (0:0)","datePublished":"2017-03-20T12:01:26+00:00","mainEntityOfPage":{"@id":"https:\/\/www.vfl-fluorn-fussball.de\/wordpress\/spvgg-stetten-lackendorf-vfl-fluorn-20-00\/"},"wordCount":426,"publisher":{"@id":"https:\/\/www.vfl-fluorn-fussball.de\/wordpress\/#organization"},"articleSection":{"1":"Spielberichte"},"inLanguage":"de"},{"@type":"WebPage","@id":"https:\/\/www.vfl-fluorn-fussball.de\/wordpress\/spvgg-stetten-lackendorf-vfl-fluorn-20-00\/","url":"https:\/\/www.vfl-fluorn-fussball.de\/wordpress\/spvgg-stetten-lackendorf-vfl-fluorn-20-00\/","name":"Spvgg Stetten-Lackendorf - VfL Fluorn 2:0 (0:0) - VfL Fluorn Fu\u00dfball 1924 e.V.","isPartOf":{"@id":"https:\/\/www.vfl-fluorn-fussball.de\/wordpress\/#website"},"datePublished":"2017-03-20T12:01:26+00:00","breadcrumb":{"@id":"https:\/\/www.vfl-fluorn-fussball.de\/wordpress\/spvgg-stetten-lackendorf-vfl-fluorn-20-00\/#breadcrumb"},"inLanguage":"de","potentialAction":[{"@type":"ReadAction","target":["https:\/\/www.vfl-fluorn-fussball.de\/wordpress\/spvgg-stetten-lackendorf-vfl-fluorn-20-00\/"]}]},{"@type":"BreadcrumbList","@id":"https:\/\/www.vfl-fluorn-fussball.de\/wordpress\/spvgg-stetten-lackendorf-vfl-fluorn-20-00\/#breadcrumb","itemListElement":[{"@type":"ListItem","position":1,"name":"Home","item":"https:\/\/www.vfl-fluorn-fussball.de\/wordpress\/"},{"@type":"ListItem","position":2,"name":"Spvgg Stetten-Lackendorf &#8211; VfL Fluorn 2:0 (0:0)"}]},{"@type":"WebSite","@id":"https:\/\/www.vfl-fluorn-fussball.de\/wordpress\/#website","url":"https:\/\/www.vfl-fluorn-fussball.de\/wordpress\/","name":"VfL Fluorn Fu\u00dfball 1924 e.V.","description":"Mein Freund ist aus Leder","publisher":{"@id":"https:\/\/www.vfl-fluorn-fussball.de\/wordpress\/#organization"},"potentialAction":[{"@type":"SearchAction","target":{"@type":"EntryPoint","urlTemplate":"https:\/\/www.vfl-fluorn-fussball.de\/wordpress\/?s={search_term_string}"},"query-input":{"@type":"PropertyValueSpecification","valueRequired":true,"valueName":"search_term_string"}}],"inLanguage":"de"},{"@type":"Organization","@id":"https:\/\/www.vfl-fluorn-fussball.de\/wordpress\/#organization","name":"VfL Fluorn Fu\u00dfball 1924 e.V.","url":"https:\/\/www.vfl-fluorn-fussball.de\/wordpress\/","logo":{"@type":"ImageObject","inLanguage":"de","@id":"https:\/\/www.vfl-fluorn-fussball.de\/wordpress\/#\/schema\/logo\/image\/","url":"https:\/\/www.vfl-fluorn-fussball.de\/wordpress\/wp-content\/uploads\/2023\/12\/VfLLogoOhneHintergrund.png","contentUrl":"https:\/\/www.vfl-fluorn-fussball.de\/wordpress\/wp-content\/uploads\/2023\/12\/VfLLogoOhneHintergrund.png","width":963,"height":963,"caption":"VfL Fluorn Fu\u00dfball 1924 e.V."},"image":{"@id":"https:\/\/www.vfl-fluorn-fussball.de\/wordpress\/#\/schema\/logo\/image\/"},"sameAs":["https:\/\/de-de.facebook.com\/p\/Vfl-Fluorn-1924-eV-100036848576053\/"]},{"@type":"Person","@id":"https:\/\/www.vfl-fluorn-fussball.de\/wordpress\/#\/schema\/person\/3af506b0fa18f0ab2d3369072c2ff93c","name":"ankaufma","image":{"@type":"ImageObject","inLanguage":"de","@id":"https:\/\/secure.gravatar.com\/avatar\/94b25ff5a2ca5bbb66c0f23cf4a2b2599aef9c8365f849d3270fd622c2a0ac17?s=96&d=mm&r=g","url":"https:\/\/secure.gravatar.com\/avatar\/94b25ff5a2ca5bbb66c0f23cf4a2b2599aef9c8365f849d3270fd622c2a0ac17?s=96&d=mm&r=g","contentUrl":"https:\/\/secure.gravatar.com\/avatar\/94b25ff5a2ca5bbb66c0f23cf4a2b2599aef9c8365f849d3270fd622c2a0ac17?s=96&d=mm&r=g","caption":"ankaufma"},"url":"https:\/\/www.vfl-fluorn-fussball.de\/wordpress\/author\/ankaufma\/"}]}},"_links":{"self":[{"href":"https:\/\/www.vfl-fluorn-fussball.de\/wordpress\/wp-json\/wp\/v2\/posts\/2301","targetHints":{"allow":["GET"]}}],"collection":[{"href":"https:\/\/www.vfl-fluorn-fussball.de\/wordpress\/wp-json\/wp\/v2\/posts"}],"about":[{"href":"https:\/\/www.vfl-fluorn-fussball.de\/wordpress\/wp-json\/wp\/v2\/types\/post"}],"author":[{"embeddable":true,"href":"https:\/\/www.vfl-fluorn-fussball.de\/wordpress\/wp-json\/wp\/v2\/users\/1"}],"replies":[{"embeddable":true,"href":"https:\/\/www.vfl-fluorn-fussball.de\/wordpress\/wp-json\/wp\/v2\/comments?post=2301"}],"version-history":[{"count":1,"href":"https:\/\/www.vfl-fluorn-fussball.de\/wordpress\/wp-json\/wp\/v2\/posts\/2301\/revisions"}],"predecessor-version":[{"id":2302,"href":"https:\/\/www.vfl-fluorn-fussball.de\/wordpress\/wp-json\/wp\/v2\/posts\/2301\/revisions\/2302"}],"wp:attachment":[{"href":"https:\/\/www.vfl-fluorn-fussball.de\/wordpress\/wp-json\/wp\/v2\/media?parent=2301"}],"wp:term":[{"taxonomy":"category","embeddable":true,"href":"https:\/\/www.vfl-fluorn-fussball.de\/wordpress\/wp-json\/wp\/v2\/categories?post=2301"},{"taxonomy":"post_tag","embeddable":true,"href":"https:\/\/www.vfl-fluorn-fussball.de\/wordpress\/wp-json\/wp\/v2\/tags?post=2301"}],"curies":[{"name":"wp","href":"https:\/\/api.w.org\/{rel}","templated":true}]}}