{"id":2414,"date":"2017-09-04T12:53:20","date_gmt":"2017-09-04T10:53:20","guid":{"rendered":"http:\/\/www.vfl-fluorn-fussball.de\/wordpress\/?p=2414"},"modified":"2017-09-04T12:56:43","modified_gmt":"2017-09-04T10:56:43","slug":"spvgg-stettenlackendorf-vfl-fluorn-21-20","status":"publish","type":"post","link":"https:\/\/www.vfl-fluorn-fussball.de\/wordpress\/spvgg-stettenlackendorf-vfl-fluorn-21-20\/","title":{"rendered":"Spvgg Stetten\/Lackendorf &#8211; VfL Fluorn 2:1 (2:0)"},"content":{"rendered":"<p>Gegen vor allem im ersten Durchgang starke Lackendorfer war vergangenen Sonntag f\u00fcr unsere Elf erneut nichts zu holen, obwohl man sich durch eine gute zweite Halbzeit am Ende durchaus ein Unentschieden verdient gehabt h\u00e4tte.<br \/>\nDie Lackendorfer gestalteten das Spiel von Beginn an im Stile eine Topmannschaft, w\u00e4hren unsere Elf durch die Misserfolge der vergangenen Wochen doch deutlich verunsichert und eingesch\u00fcchtert wirkte. Die besseren Chancen im Spiel hatte aber zun\u00e4chst unsere Elf, wobei Luca Schwenk den Ball nach Fl\u00fcgell\u00e4ufen von Mladen Nicolic aus vielversprechender Distanz gleich zwei mal \u00fcber die Latte jagte. Insgesamt waren die Lackendorfer aber deutlich pr\u00e4senter und machten weniger Fehler, sodass unsere Elf oft gezwungen war tief zu verteidigen. Nach vermdeidbaren Fehlern geriet man so bis zur Halbzeit mit 0:2 aus Fluorner Sicht in R\u00fcckstand.<br \/>\nIn der zweiten Halbzeit eroberte sich unsere Elf die Feld\u00fcberlegenheit und man sah eine Reihe guter Offensivaktionen, auch wenn diese nicht immer zwingend waren. Luca Schwenk konnte bereits in der 50. Spielminute den Ausgleich per Kopf nach einem Pfau-Freisto\u00df erzielen, sodass man auf jeden Fall noch zumindest aus ein Unentschieden hoffen durfte. In der Folge war man eine viertel Stunde klar \u00fcberlegen und die beste Chance zum Ausgleich hatte zun\u00e4chst Jan Ziegler, dessen Schuss aber vom Torh\u00fcter pariert werden konnte. Leider verlor man ab der 75. Spielminute etwas den Faden, lie\u00df sich erneut auf unn\u00f6tige Zweik\u00e4mpfe im Mittelfeld ein, was darin resultierte, dass von beiden Teams jeweils ein Spieler mit Gelb-Rot den Platz verlassen musste. Mehrere Standardm\u00f6glichkeiten die man in der Schlussphase noch hatte, waren dann am Ende meist zu ungenau getreten und bis in die Nachspielzeit hatte man keine gute Torm\u00f6glichkeit mehr. Mladen h\u00e4tte in der 95. Minute dann noch zum Held des Tages werden k\u00f6nnen. Sein guter Abschlussversuch nach einer Ziegler-Flanke aus guter Tordistanz verfehlte das Geh\u00e4use aber um wenige Zentimeter. Der Torh\u00fcter h\u00e4tte in dieser Situation nicht mehr eingreifen k\u00f6nnen und so musste man das Feld am Ende erneut mit einer Niederlage im Gep\u00e4ck verlassen.   <\/p>\n","protected":false},"excerpt":{"rendered":"<p>Gegen vor allem im ersten Durchgang starke Lackendorfer war vergangenen Sonntag f\u00fcr unsere Elf erneut nichts zu holen, obwohl man sich durch eine gute zweite Halbzeit am Ende durchaus ein Unentschieden verdient gehabt h\u00e4tte. Die Lackendorfer gestalteten das Spiel von Beginn an im Stile eine Topmannschaft, w\u00e4hren unsere Elf durch die Misserfolge der vergangenen Wochen doch deutlich verunsichert und eingesch\u00fcchtert wirkte. Die besseren Chancen im Spiel hatte aber zun\u00e4chst unsere Elf, wobei Luca Schwenk den Ball nach Fl\u00fcgell\u00e4ufen von Mladen Nicolic aus vielversprechender Distanz gleich zwei mal \u00fcber die Latte jagte. Insgesamt waren die Lackendorfer aber deutlich pr\u00e4senter und machten weniger Fehler, sodass unsere Elf oft gezwungen war tief zu [&hellip;]<\/p>\n","protected":false},"author":1,"featured_media":0,"comment_status":"closed","ping_status":"open","sticky":false,"template":"","format":"standard","meta":{"footnotes":""},"categories":[1,3],"tags":[],"class_list":["post-2414","post","type-post","status-publish","format-standard","hentry","category-allgemein","category-spielberichte"],"yoast_head":"<!-- This site is optimized with the Yoast SEO plugin v27.4 - https:\/\/yoast.com\/product\/yoast-seo-wordpress\/ -->\n<title>Spvgg Stetten\/Lackendorf - VfL Fluorn 2:1 (2:0) - VfL Fluorn Fu\u00dfball 1924 e.V.<\/title>\n<meta name=\"robots\" content=\"index, follow, max-snippet:-1, max-image-preview:large, max-video-preview:-1\" \/>\n<link rel=\"canonical\" href=\"https:\/\/www.vfl-fluorn-fussball.de\/wordpress\/spvgg-stettenlackendorf-vfl-fluorn-21-20\/\" \/>\n<meta property=\"og:locale\" content=\"de_DE\" \/>\n<meta property=\"og:type\" content=\"article\" \/>\n<meta property=\"og:title\" content=\"Spvgg Stetten\/Lackendorf - VfL Fluorn 2:1 (2:0) - VfL Fluorn Fu\u00dfball 1924 e.V.\" \/>\n<meta property=\"og:description\" content=\"Gegen vor allem im ersten Durchgang starke Lackendorfer war vergangenen Sonntag f\u00fcr unsere Elf erneut nichts zu holen, obwohl man sich durch eine gute zweite Halbzeit am Ende durchaus ein Unentschieden verdient gehabt h\u00e4tte. Die Lackendorfer gestalteten das Spiel von Beginn an im Stile eine Topmannschaft, w\u00e4hren unsere Elf durch die Misserfolge der vergangenen Wochen doch deutlich verunsichert und eingesch\u00fcchtert wirkte. Die besseren Chancen im Spiel hatte aber zun\u00e4chst unsere Elf, wobei Luca Schwenk den Ball nach Fl\u00fcgell\u00e4ufen von Mladen Nicolic aus vielversprechender Distanz gleich zwei mal \u00fcber die Latte jagte. Insgesamt waren die Lackendorfer aber deutlich pr\u00e4senter und machten weniger Fehler, sodass unsere Elf oft gezwungen war tief zu [&hellip;]\" \/>\n<meta property=\"og:url\" content=\"https:\/\/www.vfl-fluorn-fussball.de\/wordpress\/spvgg-stettenlackendorf-vfl-fluorn-21-20\/\" \/>\n<meta property=\"og:site_name\" content=\"VfL Fluorn Fu\u00dfball 1924 e.V.\" \/>\n<meta property=\"article:publisher\" content=\"https:\/\/de-de.facebook.com\/p\/Vfl-Fluorn-1924-eV-100036848576053\/\" \/>\n<meta property=\"article:published_time\" content=\"2017-09-04T10:53:20+00:00\" \/>\n<meta property=\"article:modified_time\" content=\"2017-09-04T10:56:43+00:00\" \/>\n<meta property=\"og:image\" content=\"https:\/\/www.vfl-fluorn-fussball.de\/wordpress\/wp-content\/uploads\/2023\/12\/HeaderWMSponsors4_final-1024x576.png\" \/>\n\t<meta property=\"og:image:width\" content=\"1024\" \/>\n\t<meta property=\"og:image:height\" content=\"576\" \/>\n\t<meta property=\"og:image:type\" content=\"image\/png\" \/>\n<meta name=\"author\" content=\"ankaufma\" \/>\n<meta name=\"twitter:label1\" content=\"Verfasst von\" \/>\n\t<meta name=\"twitter:data1\" content=\"ankaufma\" \/>\n\t<meta name=\"twitter:label2\" content=\"Gesch\u00e4tzte Lesezeit\" \/>\n\t<meta name=\"twitter:data2\" content=\"2\u00a0Minuten\" \/>\n<script type=\"application\/ld+json\" class=\"yoast-schema-graph\">{\"@context\":\"https:\\\/\\\/schema.org\",\"@graph\":[{\"@type\":\"Article\",\"@id\":\"https:\\\/\\\/www.vfl-fluorn-fussball.de\\\/wordpress\\\/spvgg-stettenlackendorf-vfl-fluorn-21-20\\\/#article\",\"isPartOf\":{\"@id\":\"https:\\\/\\\/www.vfl-fluorn-fussball.de\\\/wordpress\\\/spvgg-stettenlackendorf-vfl-fluorn-21-20\\\/\"},\"author\":{\"name\":\"ankaufma\",\"@id\":\"https:\\\/\\\/www.vfl-fluorn-fussball.de\\\/wordpress\\\/#\\\/schema\\\/person\\\/3af506b0fa18f0ab2d3369072c2ff93c\"},\"headline\":\"Spvgg Stetten\\\/Lackendorf &#8211; VfL Fluorn 2:1 (2:0)\",\"datePublished\":\"2017-09-04T10:53:20+00:00\",\"dateModified\":\"2017-09-04T10:56:43+00:00\",\"mainEntityOfPage\":{\"@id\":\"https:\\\/\\\/www.vfl-fluorn-fussball.de\\\/wordpress\\\/spvgg-stettenlackendorf-vfl-fluorn-21-20\\\/\"},\"wordCount\":350,\"publisher\":{\"@id\":\"https:\\\/\\\/www.vfl-fluorn-fussball.de\\\/wordpress\\\/#organization\"},\"articleSection\":{\"1\":\"Spielberichte\"},\"inLanguage\":\"de\"},{\"@type\":\"WebPage\",\"@id\":\"https:\\\/\\\/www.vfl-fluorn-fussball.de\\\/wordpress\\\/spvgg-stettenlackendorf-vfl-fluorn-21-20\\\/\",\"url\":\"https:\\\/\\\/www.vfl-fluorn-fussball.de\\\/wordpress\\\/spvgg-stettenlackendorf-vfl-fluorn-21-20\\\/\",\"name\":\"Spvgg Stetten\\\/Lackendorf - VfL Fluorn 2:1 (2:0) - VfL Fluorn Fu\u00dfball 1924 e.V.\",\"isPartOf\":{\"@id\":\"https:\\\/\\\/www.vfl-fluorn-fussball.de\\\/wordpress\\\/#website\"},\"datePublished\":\"2017-09-04T10:53:20+00:00\",\"dateModified\":\"2017-09-04T10:56:43+00:00\",\"breadcrumb\":{\"@id\":\"https:\\\/\\\/www.vfl-fluorn-fussball.de\\\/wordpress\\\/spvgg-stettenlackendorf-vfl-fluorn-21-20\\\/#breadcrumb\"},\"inLanguage\":\"de\",\"potentialAction\":[{\"@type\":\"ReadAction\",\"target\":[\"https:\\\/\\\/www.vfl-fluorn-fussball.de\\\/wordpress\\\/spvgg-stettenlackendorf-vfl-fluorn-21-20\\\/\"]}]},{\"@type\":\"BreadcrumbList\",\"@id\":\"https:\\\/\\\/www.vfl-fluorn-fussball.de\\\/wordpress\\\/spvgg-stettenlackendorf-vfl-fluorn-21-20\\\/#breadcrumb\",\"itemListElement\":[{\"@type\":\"ListItem\",\"position\":1,\"name\":\"Home\",\"item\":\"https:\\\/\\\/www.vfl-fluorn-fussball.de\\\/wordpress\\\/\"},{\"@type\":\"ListItem\",\"position\":2,\"name\":\"Spvgg Stetten\\\/Lackendorf &#8211; VfL Fluorn 2:1 (2:0)\"}]},{\"@type\":\"WebSite\",\"@id\":\"https:\\\/\\\/www.vfl-fluorn-fussball.de\\\/wordpress\\\/#website\",\"url\":\"https:\\\/\\\/www.vfl-fluorn-fussball.de\\\/wordpress\\\/\",\"name\":\"VfL Fluorn Fu\u00dfball 1924 e.V.\",\"description\":\"Mein Freund ist aus Leder\",\"publisher\":{\"@id\":\"https:\\\/\\\/www.vfl-fluorn-fussball.de\\\/wordpress\\\/#organization\"},\"potentialAction\":[{\"@type\":\"SearchAction\",\"target\":{\"@type\":\"EntryPoint\",\"urlTemplate\":\"https:\\\/\\\/www.vfl-fluorn-fussball.de\\\/wordpress\\\/?s={search_term_string}\"},\"query-input\":{\"@type\":\"PropertyValueSpecification\",\"valueRequired\":true,\"valueName\":\"search_term_string\"}}],\"inLanguage\":\"de\"},{\"@type\":\"Organization\",\"@id\":\"https:\\\/\\\/www.vfl-fluorn-fussball.de\\\/wordpress\\\/#organization\",\"name\":\"VfL Fluorn Fu\u00dfball 1924 e.V.\",\"url\":\"https:\\\/\\\/www.vfl-fluorn-fussball.de\\\/wordpress\\\/\",\"logo\":{\"@type\":\"ImageObject\",\"inLanguage\":\"de\",\"@id\":\"https:\\\/\\\/www.vfl-fluorn-fussball.de\\\/wordpress\\\/#\\\/schema\\\/logo\\\/image\\\/\",\"url\":\"https:\\\/\\\/www.vfl-fluorn-fussball.de\\\/wordpress\\\/wp-content\\\/uploads\\\/2023\\\/12\\\/VfLLogoOhneHintergrund.png\",\"contentUrl\":\"https:\\\/\\\/www.vfl-fluorn-fussball.de\\\/wordpress\\\/wp-content\\\/uploads\\\/2023\\\/12\\\/VfLLogoOhneHintergrund.png\",\"width\":963,\"height\":963,\"caption\":\"VfL Fluorn Fu\u00dfball 1924 e.V.\"},\"image\":{\"@id\":\"https:\\\/\\\/www.vfl-fluorn-fussball.de\\\/wordpress\\\/#\\\/schema\\\/logo\\\/image\\\/\"},\"sameAs\":[\"https:\\\/\\\/de-de.facebook.com\\\/p\\\/Vfl-Fluorn-1924-eV-100036848576053\\\/\"]},{\"@type\":\"Person\",\"@id\":\"https:\\\/\\\/www.vfl-fluorn-fussball.de\\\/wordpress\\\/#\\\/schema\\\/person\\\/3af506b0fa18f0ab2d3369072c2ff93c\",\"name\":\"ankaufma\",\"image\":{\"@type\":\"ImageObject\",\"inLanguage\":\"de\",\"@id\":\"https:\\\/\\\/secure.gravatar.com\\\/avatar\\\/94b25ff5a2ca5bbb66c0f23cf4a2b2599aef9c8365f849d3270fd622c2a0ac17?s=96&d=mm&r=g\",\"url\":\"https:\\\/\\\/secure.gravatar.com\\\/avatar\\\/94b25ff5a2ca5bbb66c0f23cf4a2b2599aef9c8365f849d3270fd622c2a0ac17?s=96&d=mm&r=g\",\"contentUrl\":\"https:\\\/\\\/secure.gravatar.com\\\/avatar\\\/94b25ff5a2ca5bbb66c0f23cf4a2b2599aef9c8365f849d3270fd622c2a0ac17?s=96&d=mm&r=g\",\"caption\":\"ankaufma\"},\"url\":\"https:\\\/\\\/www.vfl-fluorn-fussball.de\\\/wordpress\\\/author\\\/ankaufma\\\/\"}]}<\/script>\n<!-- \/ Yoast SEO plugin. -->","yoast_head_json":{"title":"Spvgg Stetten\/Lackendorf - VfL Fluorn 2:1 (2:0) - VfL Fluorn Fu\u00dfball 1924 e.V.","robots":{"index":"index","follow":"follow","max-snippet":"max-snippet:-1","max-image-preview":"max-image-preview:large","max-video-preview":"max-video-preview:-1"},"canonical":"https:\/\/www.vfl-fluorn-fussball.de\/wordpress\/spvgg-stettenlackendorf-vfl-fluorn-21-20\/","og_locale":"de_DE","og_type":"article","og_title":"Spvgg Stetten\/Lackendorf - VfL Fluorn 2:1 (2:0) - VfL Fluorn Fu\u00dfball 1924 e.V.","og_description":"Gegen vor allem im ersten Durchgang starke Lackendorfer war vergangenen Sonntag f\u00fcr unsere Elf erneut nichts zu holen, obwohl man sich durch eine gute zweite Halbzeit am Ende durchaus ein Unentschieden verdient gehabt h\u00e4tte. Die Lackendorfer gestalteten das Spiel von Beginn an im Stile eine Topmannschaft, w\u00e4hren unsere Elf durch die Misserfolge der vergangenen Wochen doch deutlich verunsichert und eingesch\u00fcchtert wirkte. Die besseren Chancen im Spiel hatte aber zun\u00e4chst unsere Elf, wobei Luca Schwenk den Ball nach Fl\u00fcgell\u00e4ufen von Mladen Nicolic aus vielversprechender Distanz gleich zwei mal \u00fcber die Latte jagte. Insgesamt waren die Lackendorfer aber deutlich pr\u00e4senter und machten weniger Fehler, sodass unsere Elf oft gezwungen war tief zu [&hellip;]","og_url":"https:\/\/www.vfl-fluorn-fussball.de\/wordpress\/spvgg-stettenlackendorf-vfl-fluorn-21-20\/","og_site_name":"VfL Fluorn Fu\u00dfball 1924 e.V.","article_publisher":"https:\/\/de-de.facebook.com\/p\/Vfl-Fluorn-1924-eV-100036848576053\/","article_published_time":"2017-09-04T10:53:20+00:00","article_modified_time":"2017-09-04T10:56:43+00:00","og_image":[{"width":1024,"height":576,"url":"https:\/\/www.vfl-fluorn-fussball.de\/wordpress\/wp-content\/uploads\/2023\/12\/HeaderWMSponsors4_final-1024x576.png","type":"image\/png"}],"author":"ankaufma","twitter_misc":{"Verfasst von":"ankaufma","Gesch\u00e4tzte Lesezeit":"2\u00a0Minuten"},"schema":{"@context":"https:\/\/schema.org","@graph":[{"@type":"Article","@id":"https:\/\/www.vfl-fluorn-fussball.de\/wordpress\/spvgg-stettenlackendorf-vfl-fluorn-21-20\/#article","isPartOf":{"@id":"https:\/\/www.vfl-fluorn-fussball.de\/wordpress\/spvgg-stettenlackendorf-vfl-fluorn-21-20\/"},"author":{"name":"ankaufma","@id":"https:\/\/www.vfl-fluorn-fussball.de\/wordpress\/#\/schema\/person\/3af506b0fa18f0ab2d3369072c2ff93c"},"headline":"Spvgg Stetten\/Lackendorf &#8211; VfL Fluorn 2:1 (2:0)","datePublished":"2017-09-04T10:53:20+00:00","dateModified":"2017-09-04T10:56:43+00:00","mainEntityOfPage":{"@id":"https:\/\/www.vfl-fluorn-fussball.de\/wordpress\/spvgg-stettenlackendorf-vfl-fluorn-21-20\/"},"wordCount":350,"publisher":{"@id":"https:\/\/www.vfl-fluorn-fussball.de\/wordpress\/#organization"},"articleSection":{"1":"Spielberichte"},"inLanguage":"de"},{"@type":"WebPage","@id":"https:\/\/www.vfl-fluorn-fussball.de\/wordpress\/spvgg-stettenlackendorf-vfl-fluorn-21-20\/","url":"https:\/\/www.vfl-fluorn-fussball.de\/wordpress\/spvgg-stettenlackendorf-vfl-fluorn-21-20\/","name":"Spvgg Stetten\/Lackendorf - VfL Fluorn 2:1 (2:0) - VfL Fluorn Fu\u00dfball 1924 e.V.","isPartOf":{"@id":"https:\/\/www.vfl-fluorn-fussball.de\/wordpress\/#website"},"datePublished":"2017-09-04T10:53:20+00:00","dateModified":"2017-09-04T10:56:43+00:00","breadcrumb":{"@id":"https:\/\/www.vfl-fluorn-fussball.de\/wordpress\/spvgg-stettenlackendorf-vfl-fluorn-21-20\/#breadcrumb"},"inLanguage":"de","potentialAction":[{"@type":"ReadAction","target":["https:\/\/www.vfl-fluorn-fussball.de\/wordpress\/spvgg-stettenlackendorf-vfl-fluorn-21-20\/"]}]},{"@type":"BreadcrumbList","@id":"https:\/\/www.vfl-fluorn-fussball.de\/wordpress\/spvgg-stettenlackendorf-vfl-fluorn-21-20\/#breadcrumb","itemListElement":[{"@type":"ListItem","position":1,"name":"Home","item":"https:\/\/www.vfl-fluorn-fussball.de\/wordpress\/"},{"@type":"ListItem","position":2,"name":"Spvgg Stetten\/Lackendorf &#8211; VfL Fluorn 2:1 (2:0)"}]},{"@type":"WebSite","@id":"https:\/\/www.vfl-fluorn-fussball.de\/wordpress\/#website","url":"https:\/\/www.vfl-fluorn-fussball.de\/wordpress\/","name":"VfL Fluorn Fu\u00dfball 1924 e.V.","description":"Mein Freund ist aus Leder","publisher":{"@id":"https:\/\/www.vfl-fluorn-fussball.de\/wordpress\/#organization"},"potentialAction":[{"@type":"SearchAction","target":{"@type":"EntryPoint","urlTemplate":"https:\/\/www.vfl-fluorn-fussball.de\/wordpress\/?s={search_term_string}"},"query-input":{"@type":"PropertyValueSpecification","valueRequired":true,"valueName":"search_term_string"}}],"inLanguage":"de"},{"@type":"Organization","@id":"https:\/\/www.vfl-fluorn-fussball.de\/wordpress\/#organization","name":"VfL Fluorn Fu\u00dfball 1924 e.V.","url":"https:\/\/www.vfl-fluorn-fussball.de\/wordpress\/","logo":{"@type":"ImageObject","inLanguage":"de","@id":"https:\/\/www.vfl-fluorn-fussball.de\/wordpress\/#\/schema\/logo\/image\/","url":"https:\/\/www.vfl-fluorn-fussball.de\/wordpress\/wp-content\/uploads\/2023\/12\/VfLLogoOhneHintergrund.png","contentUrl":"https:\/\/www.vfl-fluorn-fussball.de\/wordpress\/wp-content\/uploads\/2023\/12\/VfLLogoOhneHintergrund.png","width":963,"height":963,"caption":"VfL Fluorn Fu\u00dfball 1924 e.V."},"image":{"@id":"https:\/\/www.vfl-fluorn-fussball.de\/wordpress\/#\/schema\/logo\/image\/"},"sameAs":["https:\/\/de-de.facebook.com\/p\/Vfl-Fluorn-1924-eV-100036848576053\/"]},{"@type":"Person","@id":"https:\/\/www.vfl-fluorn-fussball.de\/wordpress\/#\/schema\/person\/3af506b0fa18f0ab2d3369072c2ff93c","name":"ankaufma","image":{"@type":"ImageObject","inLanguage":"de","@id":"https:\/\/secure.gravatar.com\/avatar\/94b25ff5a2ca5bbb66c0f23cf4a2b2599aef9c8365f849d3270fd622c2a0ac17?s=96&d=mm&r=g","url":"https:\/\/secure.gravatar.com\/avatar\/94b25ff5a2ca5bbb66c0f23cf4a2b2599aef9c8365f849d3270fd622c2a0ac17?s=96&d=mm&r=g","contentUrl":"https:\/\/secure.gravatar.com\/avatar\/94b25ff5a2ca5bbb66c0f23cf4a2b2599aef9c8365f849d3270fd622c2a0ac17?s=96&d=mm&r=g","caption":"ankaufma"},"url":"https:\/\/www.vfl-fluorn-fussball.de\/wordpress\/author\/ankaufma\/"}]}},"_links":{"self":[{"href":"https:\/\/www.vfl-fluorn-fussball.de\/wordpress\/wp-json\/wp\/v2\/posts\/2414","targetHints":{"allow":["GET"]}}],"collection":[{"href":"https:\/\/www.vfl-fluorn-fussball.de\/wordpress\/wp-json\/wp\/v2\/posts"}],"about":[{"href":"https:\/\/www.vfl-fluorn-fussball.de\/wordpress\/wp-json\/wp\/v2\/types\/post"}],"author":[{"embeddable":true,"href":"https:\/\/www.vfl-fluorn-fussball.de\/wordpress\/wp-json\/wp\/v2\/users\/1"}],"replies":[{"embeddable":true,"href":"https:\/\/www.vfl-fluorn-fussball.de\/wordpress\/wp-json\/wp\/v2\/comments?post=2414"}],"version-history":[{"count":2,"href":"https:\/\/www.vfl-fluorn-fussball.de\/wordpress\/wp-json\/wp\/v2\/posts\/2414\/revisions"}],"predecessor-version":[{"id":2417,"href":"https:\/\/www.vfl-fluorn-fussball.de\/wordpress\/wp-json\/wp\/v2\/posts\/2414\/revisions\/2417"}],"wp:attachment":[{"href":"https:\/\/www.vfl-fluorn-fussball.de\/wordpress\/wp-json\/wp\/v2\/media?parent=2414"}],"wp:term":[{"taxonomy":"category","embeddable":true,"href":"https:\/\/www.vfl-fluorn-fussball.de\/wordpress\/wp-json\/wp\/v2\/categories?post=2414"},{"taxonomy":"post_tag","embeddable":true,"href":"https:\/\/www.vfl-fluorn-fussball.de\/wordpress\/wp-json\/wp\/v2\/tags?post=2414"}],"curies":[{"name":"wp","href":"https:\/\/api.w.org\/{rel}","templated":true}]}}