{"id":2430,"date":"2017-09-25T12:44:47","date_gmt":"2017-09-25T10:44:47","guid":{"rendered":"http:\/\/www.vfl-fluorn-fussball.de\/wordpress\/?p=2430"},"modified":"2017-09-25T19:48:31","modified_gmt":"2017-09-25T17:48:31","slug":"spvgg-oberndorf-ii-vfl-fluorn-111-15","status":"publish","type":"post","link":"https:\/\/www.vfl-fluorn-fussball.de\/wordpress\/spvgg-oberndorf-ii-vfl-fluorn-111-15\/","title":{"rendered":"Spvgg Oberndorf II &#8211; VfL Fluorn 1:11 (1:5)"},"content":{"rendered":"<p>Gegen defensiv desolate Oberndorfer konnte man vergangenen Sonntag ein Sch\u00fctzenfest feiern und nach den unsteten Leistungen der vergangenen Wochen war unseren Spielern die Erleichterung nach diesem Spiel deutlich anzumerken.<br \/>\nDabei reichte sogar eine durchschnittliche Leistung, um die Oberndorfer-Reserve praktisch aus dem eigenen Stadion zu schie\u00dfen.<br \/>\nDen Torreigen er\u00f6ffnete Jan Ziegler bereits in der 6. Minute nach sch\u00f6nem Zusammenspiel mit Luca Schwenk. Den Treffer zum 2:0 erzielte Mladen Nikolic in der 18. Minute. Luca Schwenk erh\u00f6hte kurz darauf auf 3:0 per Strafsto\u00df. Damit sind schon alle Torsch\u00fctzen des Tages genannt, denn die restlichen 8 Treffer machten Jan, Mladen und Luca weiterhin unter sich aus. Jan und Mladen erzielten in der 36. und 37. Minute die Treffer zum 4- und 5:0, bevor man vor der Halbzeit nach einem Ballverlust den Sch\u00f6nheitsfehler zum 5:1 kassierte.<br \/>\nIn den ersten 15 Minuten nach Wiederanpfiff tr\u00f6delte unsere Elf dann ein wenig und verga\u00df dabei den Ball aus der Abwehr wieder kontrolliert in die Offensivreihen zu tragen. Gefahr entstand aber auch dabei nicht. Nach 60 Minuten hatte man diese Phase aber auch \u00fcberwunden und fand wieder gefallen am Offensivspiel, sodass man noch sechs weitere Treffer erzielen konnte. Die weiteren Treffer erzielten Luca (6:1), drei mal Mladen (7, 8 und 9:1) und noch zwei mal Luca (10 und 11:1). Damit kam Mladen insgesamt auf 5, Luca auf 4 und Jan auf 2 Treffer.<\/p>\n","protected":false},"excerpt":{"rendered":"<p>Gegen defensiv desolate Oberndorfer konnte man vergangenen Sonntag ein Sch\u00fctzenfest feiern und nach den unsteten Leistungen der vergangenen Wochen war unseren Spielern die Erleichterung nach diesem Spiel deutlich anzumerken. Dabei reichte sogar eine durchschnittliche Leistung, um die Oberndorfer-Reserve praktisch aus dem eigenen Stadion zu schie\u00dfen. Den Torreigen er\u00f6ffnete Jan Ziegler bereits in der 6. Minute nach sch\u00f6nem Zusammenspiel mit Luca Schwenk. Den Treffer zum 2:0 erzielte Mladen Nikolic in der 18. Minute. Luca Schwenk erh\u00f6hte kurz darauf auf 3:0 per Strafsto\u00df. Damit sind schon alle Torsch\u00fctzen des Tages genannt, denn die restlichen 8 Treffer machten Jan, Mladen und Luca weiterhin unter sich aus. Jan und Mladen erzielten in der 36. [&hellip;]<\/p>\n","protected":false},"author":1,"featured_media":0,"comment_status":"closed","ping_status":"open","sticky":false,"template":"","format":"standard","meta":{"footnotes":""},"categories":[1,3],"tags":[],"class_list":["post-2430","post","type-post","status-publish","format-standard","hentry","category-allgemein","category-spielberichte"],"yoast_head":"<!-- This site is optimized with the Yoast SEO plugin v27.4 - https:\/\/yoast.com\/product\/yoast-seo-wordpress\/ -->\n<title>Spvgg Oberndorf II - VfL Fluorn 1:11 (1:5) - VfL Fluorn Fu\u00dfball 1924 e.V.<\/title>\n<meta name=\"robots\" content=\"index, follow, max-snippet:-1, max-image-preview:large, max-video-preview:-1\" \/>\n<link rel=\"canonical\" href=\"https:\/\/www.vfl-fluorn-fussball.de\/wordpress\/spvgg-oberndorf-ii-vfl-fluorn-111-15\/\" \/>\n<meta property=\"og:locale\" content=\"de_DE\" \/>\n<meta property=\"og:type\" content=\"article\" \/>\n<meta property=\"og:title\" content=\"Spvgg Oberndorf II - VfL Fluorn 1:11 (1:5) - VfL Fluorn Fu\u00dfball 1924 e.V.\" \/>\n<meta property=\"og:description\" content=\"Gegen defensiv desolate Oberndorfer konnte man vergangenen Sonntag ein Sch\u00fctzenfest feiern und nach den unsteten Leistungen der vergangenen Wochen war unseren Spielern die Erleichterung nach diesem Spiel deutlich anzumerken. Dabei reichte sogar eine durchschnittliche Leistung, um die Oberndorfer-Reserve praktisch aus dem eigenen Stadion zu schie\u00dfen. Den Torreigen er\u00f6ffnete Jan Ziegler bereits in der 6. Minute nach sch\u00f6nem Zusammenspiel mit Luca Schwenk. Den Treffer zum 2:0 erzielte Mladen Nikolic in der 18. Minute. Luca Schwenk erh\u00f6hte kurz darauf auf 3:0 per Strafsto\u00df. Damit sind schon alle Torsch\u00fctzen des Tages genannt, denn die restlichen 8 Treffer machten Jan, Mladen und Luca weiterhin unter sich aus. Jan und Mladen erzielten in der 36. [&hellip;]\" \/>\n<meta property=\"og:url\" content=\"https:\/\/www.vfl-fluorn-fussball.de\/wordpress\/spvgg-oberndorf-ii-vfl-fluorn-111-15\/\" \/>\n<meta property=\"og:site_name\" content=\"VfL Fluorn Fu\u00dfball 1924 e.V.\" \/>\n<meta property=\"article:publisher\" content=\"https:\/\/de-de.facebook.com\/p\/Vfl-Fluorn-1924-eV-100036848576053\/\" \/>\n<meta property=\"article:published_time\" content=\"2017-09-25T10:44:47+00:00\" \/>\n<meta property=\"article:modified_time\" content=\"2017-09-25T17:48:31+00:00\" \/>\n<meta property=\"og:image\" content=\"https:\/\/www.vfl-fluorn-fussball.de\/wordpress\/wp-content\/uploads\/2023\/12\/HeaderWMSponsors4_final-1024x576.png\" \/>\n\t<meta property=\"og:image:width\" content=\"1024\" \/>\n\t<meta property=\"og:image:height\" content=\"576\" \/>\n\t<meta property=\"og:image:type\" content=\"image\/png\" \/>\n<meta name=\"author\" content=\"ankaufma\" \/>\n<meta name=\"twitter:label1\" content=\"Verfasst von\" \/>\n\t<meta name=\"twitter:data1\" content=\"ankaufma\" \/>\n\t<meta name=\"twitter:label2\" content=\"Gesch\u00e4tzte Lesezeit\" \/>\n\t<meta name=\"twitter:data2\" content=\"1\u00a0Minute\" \/>\n<script type=\"application\/ld+json\" class=\"yoast-schema-graph\">{\"@context\":\"https:\\\/\\\/schema.org\",\"@graph\":[{\"@type\":\"Article\",\"@id\":\"https:\\\/\\\/www.vfl-fluorn-fussball.de\\\/wordpress\\\/spvgg-oberndorf-ii-vfl-fluorn-111-15\\\/#article\",\"isPartOf\":{\"@id\":\"https:\\\/\\\/www.vfl-fluorn-fussball.de\\\/wordpress\\\/spvgg-oberndorf-ii-vfl-fluorn-111-15\\\/\"},\"author\":{\"name\":\"ankaufma\",\"@id\":\"https:\\\/\\\/www.vfl-fluorn-fussball.de\\\/wordpress\\\/#\\\/schema\\\/person\\\/3af506b0fa18f0ab2d3369072c2ff93c\"},\"headline\":\"Spvgg Oberndorf II &#8211; VfL Fluorn 1:11 (1:5)\",\"datePublished\":\"2017-09-25T10:44:47+00:00\",\"dateModified\":\"2017-09-25T17:48:31+00:00\",\"mainEntityOfPage\":{\"@id\":\"https:\\\/\\\/www.vfl-fluorn-fussball.de\\\/wordpress\\\/spvgg-oberndorf-ii-vfl-fluorn-111-15\\\/\"},\"wordCount\":219,\"publisher\":{\"@id\":\"https:\\\/\\\/www.vfl-fluorn-fussball.de\\\/wordpress\\\/#organization\"},\"articleSection\":{\"1\":\"Spielberichte\"},\"inLanguage\":\"de\"},{\"@type\":\"WebPage\",\"@id\":\"https:\\\/\\\/www.vfl-fluorn-fussball.de\\\/wordpress\\\/spvgg-oberndorf-ii-vfl-fluorn-111-15\\\/\",\"url\":\"https:\\\/\\\/www.vfl-fluorn-fussball.de\\\/wordpress\\\/spvgg-oberndorf-ii-vfl-fluorn-111-15\\\/\",\"name\":\"Spvgg Oberndorf II - VfL Fluorn 1:11 (1:5) - VfL Fluorn Fu\u00dfball 1924 e.V.\",\"isPartOf\":{\"@id\":\"https:\\\/\\\/www.vfl-fluorn-fussball.de\\\/wordpress\\\/#website\"},\"datePublished\":\"2017-09-25T10:44:47+00:00\",\"dateModified\":\"2017-09-25T17:48:31+00:00\",\"breadcrumb\":{\"@id\":\"https:\\\/\\\/www.vfl-fluorn-fussball.de\\\/wordpress\\\/spvgg-oberndorf-ii-vfl-fluorn-111-15\\\/#breadcrumb\"},\"inLanguage\":\"de\",\"potentialAction\":[{\"@type\":\"ReadAction\",\"target\":[\"https:\\\/\\\/www.vfl-fluorn-fussball.de\\\/wordpress\\\/spvgg-oberndorf-ii-vfl-fluorn-111-15\\\/\"]}]},{\"@type\":\"BreadcrumbList\",\"@id\":\"https:\\\/\\\/www.vfl-fluorn-fussball.de\\\/wordpress\\\/spvgg-oberndorf-ii-vfl-fluorn-111-15\\\/#breadcrumb\",\"itemListElement\":[{\"@type\":\"ListItem\",\"position\":1,\"name\":\"Home\",\"item\":\"https:\\\/\\\/www.vfl-fluorn-fussball.de\\\/wordpress\\\/\"},{\"@type\":\"ListItem\",\"position\":2,\"name\":\"Spvgg Oberndorf II &#8211; VfL Fluorn 1:11 (1:5)\"}]},{\"@type\":\"WebSite\",\"@id\":\"https:\\\/\\\/www.vfl-fluorn-fussball.de\\\/wordpress\\\/#website\",\"url\":\"https:\\\/\\\/www.vfl-fluorn-fussball.de\\\/wordpress\\\/\",\"name\":\"VfL Fluorn Fu\u00dfball 1924 e.V.\",\"description\":\"Mein Freund ist aus Leder\",\"publisher\":{\"@id\":\"https:\\\/\\\/www.vfl-fluorn-fussball.de\\\/wordpress\\\/#organization\"},\"potentialAction\":[{\"@type\":\"SearchAction\",\"target\":{\"@type\":\"EntryPoint\",\"urlTemplate\":\"https:\\\/\\\/www.vfl-fluorn-fussball.de\\\/wordpress\\\/?s={search_term_string}\"},\"query-input\":{\"@type\":\"PropertyValueSpecification\",\"valueRequired\":true,\"valueName\":\"search_term_string\"}}],\"inLanguage\":\"de\"},{\"@type\":\"Organization\",\"@id\":\"https:\\\/\\\/www.vfl-fluorn-fussball.de\\\/wordpress\\\/#organization\",\"name\":\"VfL Fluorn Fu\u00dfball 1924 e.V.\",\"url\":\"https:\\\/\\\/www.vfl-fluorn-fussball.de\\\/wordpress\\\/\",\"logo\":{\"@type\":\"ImageObject\",\"inLanguage\":\"de\",\"@id\":\"https:\\\/\\\/www.vfl-fluorn-fussball.de\\\/wordpress\\\/#\\\/schema\\\/logo\\\/image\\\/\",\"url\":\"https:\\\/\\\/www.vfl-fluorn-fussball.de\\\/wordpress\\\/wp-content\\\/uploads\\\/2023\\\/12\\\/VfLLogoOhneHintergrund.png\",\"contentUrl\":\"https:\\\/\\\/www.vfl-fluorn-fussball.de\\\/wordpress\\\/wp-content\\\/uploads\\\/2023\\\/12\\\/VfLLogoOhneHintergrund.png\",\"width\":963,\"height\":963,\"caption\":\"VfL Fluorn Fu\u00dfball 1924 e.V.\"},\"image\":{\"@id\":\"https:\\\/\\\/www.vfl-fluorn-fussball.de\\\/wordpress\\\/#\\\/schema\\\/logo\\\/image\\\/\"},\"sameAs\":[\"https:\\\/\\\/de-de.facebook.com\\\/p\\\/Vfl-Fluorn-1924-eV-100036848576053\\\/\"]},{\"@type\":\"Person\",\"@id\":\"https:\\\/\\\/www.vfl-fluorn-fussball.de\\\/wordpress\\\/#\\\/schema\\\/person\\\/3af506b0fa18f0ab2d3369072c2ff93c\",\"name\":\"ankaufma\",\"image\":{\"@type\":\"ImageObject\",\"inLanguage\":\"de\",\"@id\":\"https:\\\/\\\/secure.gravatar.com\\\/avatar\\\/94b25ff5a2ca5bbb66c0f23cf4a2b2599aef9c8365f849d3270fd622c2a0ac17?s=96&d=mm&r=g\",\"url\":\"https:\\\/\\\/secure.gravatar.com\\\/avatar\\\/94b25ff5a2ca5bbb66c0f23cf4a2b2599aef9c8365f849d3270fd622c2a0ac17?s=96&d=mm&r=g\",\"contentUrl\":\"https:\\\/\\\/secure.gravatar.com\\\/avatar\\\/94b25ff5a2ca5bbb66c0f23cf4a2b2599aef9c8365f849d3270fd622c2a0ac17?s=96&d=mm&r=g\",\"caption\":\"ankaufma\"},\"url\":\"https:\\\/\\\/www.vfl-fluorn-fussball.de\\\/wordpress\\\/author\\\/ankaufma\\\/\"}]}<\/script>\n<!-- \/ Yoast SEO plugin. -->","yoast_head_json":{"title":"Spvgg Oberndorf II - VfL Fluorn 1:11 (1:5) - VfL Fluorn Fu\u00dfball 1924 e.V.","robots":{"index":"index","follow":"follow","max-snippet":"max-snippet:-1","max-image-preview":"max-image-preview:large","max-video-preview":"max-video-preview:-1"},"canonical":"https:\/\/www.vfl-fluorn-fussball.de\/wordpress\/spvgg-oberndorf-ii-vfl-fluorn-111-15\/","og_locale":"de_DE","og_type":"article","og_title":"Spvgg Oberndorf II - VfL Fluorn 1:11 (1:5) - VfL Fluorn Fu\u00dfball 1924 e.V.","og_description":"Gegen defensiv desolate Oberndorfer konnte man vergangenen Sonntag ein Sch\u00fctzenfest feiern und nach den unsteten Leistungen der vergangenen Wochen war unseren Spielern die Erleichterung nach diesem Spiel deutlich anzumerken. Dabei reichte sogar eine durchschnittliche Leistung, um die Oberndorfer-Reserve praktisch aus dem eigenen Stadion zu schie\u00dfen. Den Torreigen er\u00f6ffnete Jan Ziegler bereits in der 6. Minute nach sch\u00f6nem Zusammenspiel mit Luca Schwenk. Den Treffer zum 2:0 erzielte Mladen Nikolic in der 18. Minute. Luca Schwenk erh\u00f6hte kurz darauf auf 3:0 per Strafsto\u00df. Damit sind schon alle Torsch\u00fctzen des Tages genannt, denn die restlichen 8 Treffer machten Jan, Mladen und Luca weiterhin unter sich aus. Jan und Mladen erzielten in der 36. [&hellip;]","og_url":"https:\/\/www.vfl-fluorn-fussball.de\/wordpress\/spvgg-oberndorf-ii-vfl-fluorn-111-15\/","og_site_name":"VfL Fluorn Fu\u00dfball 1924 e.V.","article_publisher":"https:\/\/de-de.facebook.com\/p\/Vfl-Fluorn-1924-eV-100036848576053\/","article_published_time":"2017-09-25T10:44:47+00:00","article_modified_time":"2017-09-25T17:48:31+00:00","og_image":[{"width":1024,"height":576,"url":"https:\/\/www.vfl-fluorn-fussball.de\/wordpress\/wp-content\/uploads\/2023\/12\/HeaderWMSponsors4_final-1024x576.png","type":"image\/png"}],"author":"ankaufma","twitter_misc":{"Verfasst von":"ankaufma","Gesch\u00e4tzte Lesezeit":"1\u00a0Minute"},"schema":{"@context":"https:\/\/schema.org","@graph":[{"@type":"Article","@id":"https:\/\/www.vfl-fluorn-fussball.de\/wordpress\/spvgg-oberndorf-ii-vfl-fluorn-111-15\/#article","isPartOf":{"@id":"https:\/\/www.vfl-fluorn-fussball.de\/wordpress\/spvgg-oberndorf-ii-vfl-fluorn-111-15\/"},"author":{"name":"ankaufma","@id":"https:\/\/www.vfl-fluorn-fussball.de\/wordpress\/#\/schema\/person\/3af506b0fa18f0ab2d3369072c2ff93c"},"headline":"Spvgg Oberndorf II &#8211; VfL Fluorn 1:11 (1:5)","datePublished":"2017-09-25T10:44:47+00:00","dateModified":"2017-09-25T17:48:31+00:00","mainEntityOfPage":{"@id":"https:\/\/www.vfl-fluorn-fussball.de\/wordpress\/spvgg-oberndorf-ii-vfl-fluorn-111-15\/"},"wordCount":219,"publisher":{"@id":"https:\/\/www.vfl-fluorn-fussball.de\/wordpress\/#organization"},"articleSection":{"1":"Spielberichte"},"inLanguage":"de"},{"@type":"WebPage","@id":"https:\/\/www.vfl-fluorn-fussball.de\/wordpress\/spvgg-oberndorf-ii-vfl-fluorn-111-15\/","url":"https:\/\/www.vfl-fluorn-fussball.de\/wordpress\/spvgg-oberndorf-ii-vfl-fluorn-111-15\/","name":"Spvgg Oberndorf II - VfL Fluorn 1:11 (1:5) - VfL Fluorn Fu\u00dfball 1924 e.V.","isPartOf":{"@id":"https:\/\/www.vfl-fluorn-fussball.de\/wordpress\/#website"},"datePublished":"2017-09-25T10:44:47+00:00","dateModified":"2017-09-25T17:48:31+00:00","breadcrumb":{"@id":"https:\/\/www.vfl-fluorn-fussball.de\/wordpress\/spvgg-oberndorf-ii-vfl-fluorn-111-15\/#breadcrumb"},"inLanguage":"de","potentialAction":[{"@type":"ReadAction","target":["https:\/\/www.vfl-fluorn-fussball.de\/wordpress\/spvgg-oberndorf-ii-vfl-fluorn-111-15\/"]}]},{"@type":"BreadcrumbList","@id":"https:\/\/www.vfl-fluorn-fussball.de\/wordpress\/spvgg-oberndorf-ii-vfl-fluorn-111-15\/#breadcrumb","itemListElement":[{"@type":"ListItem","position":1,"name":"Home","item":"https:\/\/www.vfl-fluorn-fussball.de\/wordpress\/"},{"@type":"ListItem","position":2,"name":"Spvgg Oberndorf II &#8211; VfL Fluorn 1:11 (1:5)"}]},{"@type":"WebSite","@id":"https:\/\/www.vfl-fluorn-fussball.de\/wordpress\/#website","url":"https:\/\/www.vfl-fluorn-fussball.de\/wordpress\/","name":"VfL Fluorn Fu\u00dfball 1924 e.V.","description":"Mein Freund ist aus Leder","publisher":{"@id":"https:\/\/www.vfl-fluorn-fussball.de\/wordpress\/#organization"},"potentialAction":[{"@type":"SearchAction","target":{"@type":"EntryPoint","urlTemplate":"https:\/\/www.vfl-fluorn-fussball.de\/wordpress\/?s={search_term_string}"},"query-input":{"@type":"PropertyValueSpecification","valueRequired":true,"valueName":"search_term_string"}}],"inLanguage":"de"},{"@type":"Organization","@id":"https:\/\/www.vfl-fluorn-fussball.de\/wordpress\/#organization","name":"VfL Fluorn Fu\u00dfball 1924 e.V.","url":"https:\/\/www.vfl-fluorn-fussball.de\/wordpress\/","logo":{"@type":"ImageObject","inLanguage":"de","@id":"https:\/\/www.vfl-fluorn-fussball.de\/wordpress\/#\/schema\/logo\/image\/","url":"https:\/\/www.vfl-fluorn-fussball.de\/wordpress\/wp-content\/uploads\/2023\/12\/VfLLogoOhneHintergrund.png","contentUrl":"https:\/\/www.vfl-fluorn-fussball.de\/wordpress\/wp-content\/uploads\/2023\/12\/VfLLogoOhneHintergrund.png","width":963,"height":963,"caption":"VfL Fluorn Fu\u00dfball 1924 e.V."},"image":{"@id":"https:\/\/www.vfl-fluorn-fussball.de\/wordpress\/#\/schema\/logo\/image\/"},"sameAs":["https:\/\/de-de.facebook.com\/p\/Vfl-Fluorn-1924-eV-100036848576053\/"]},{"@type":"Person","@id":"https:\/\/www.vfl-fluorn-fussball.de\/wordpress\/#\/schema\/person\/3af506b0fa18f0ab2d3369072c2ff93c","name":"ankaufma","image":{"@type":"ImageObject","inLanguage":"de","@id":"https:\/\/secure.gravatar.com\/avatar\/94b25ff5a2ca5bbb66c0f23cf4a2b2599aef9c8365f849d3270fd622c2a0ac17?s=96&d=mm&r=g","url":"https:\/\/secure.gravatar.com\/avatar\/94b25ff5a2ca5bbb66c0f23cf4a2b2599aef9c8365f849d3270fd622c2a0ac17?s=96&d=mm&r=g","contentUrl":"https:\/\/secure.gravatar.com\/avatar\/94b25ff5a2ca5bbb66c0f23cf4a2b2599aef9c8365f849d3270fd622c2a0ac17?s=96&d=mm&r=g","caption":"ankaufma"},"url":"https:\/\/www.vfl-fluorn-fussball.de\/wordpress\/author\/ankaufma\/"}]}},"_links":{"self":[{"href":"https:\/\/www.vfl-fluorn-fussball.de\/wordpress\/wp-json\/wp\/v2\/posts\/2430","targetHints":{"allow":["GET"]}}],"collection":[{"href":"https:\/\/www.vfl-fluorn-fussball.de\/wordpress\/wp-json\/wp\/v2\/posts"}],"about":[{"href":"https:\/\/www.vfl-fluorn-fussball.de\/wordpress\/wp-json\/wp\/v2\/types\/post"}],"author":[{"embeddable":true,"href":"https:\/\/www.vfl-fluorn-fussball.de\/wordpress\/wp-json\/wp\/v2\/users\/1"}],"replies":[{"embeddable":true,"href":"https:\/\/www.vfl-fluorn-fussball.de\/wordpress\/wp-json\/wp\/v2\/comments?post=2430"}],"version-history":[{"count":3,"href":"https:\/\/www.vfl-fluorn-fussball.de\/wordpress\/wp-json\/wp\/v2\/posts\/2430\/revisions"}],"predecessor-version":[{"id":2434,"href":"https:\/\/www.vfl-fluorn-fussball.de\/wordpress\/wp-json\/wp\/v2\/posts\/2430\/revisions\/2434"}],"wp:attachment":[{"href":"https:\/\/www.vfl-fluorn-fussball.de\/wordpress\/wp-json\/wp\/v2\/media?parent=2430"}],"wp:term":[{"taxonomy":"category","embeddable":true,"href":"https:\/\/www.vfl-fluorn-fussball.de\/wordpress\/wp-json\/wp\/v2\/categories?post=2430"},{"taxonomy":"post_tag","embeddable":true,"href":"https:\/\/www.vfl-fluorn-fussball.de\/wordpress\/wp-json\/wp\/v2\/tags?post=2430"}],"curies":[{"name":"wp","href":"https:\/\/api.w.org\/{rel}","templated":true}]}}