{"id":2459,"date":"2017-10-23T12:52:36","date_gmt":"2017-10-23T10:52:36","guid":{"rendered":"http:\/\/www.vfl-fluorn-fussball.de\/wordpress\/?p=2459"},"modified":"2017-10-23T12:52:36","modified_gmt":"2017-10-23T10:52:36","slug":"vfl-fluorn-sgm-vfb-boesingen-iiisv-beffendorf-ii-11-01","status":"publish","type":"post","link":"https:\/\/www.vfl-fluorn-fussball.de\/wordpress\/vfl-fluorn-sgm-vfb-boesingen-iiisv-beffendorf-ii-11-01\/","title":{"rendered":"VfL Fluorn &#8211; SGM VfB B\u00f6singen III\/SV Beffendorf II 1:1 (0:1)"},"content":{"rendered":"<p>Immerhin einen Punkt konnte man gegen den bis dato punktverlustlosen Spitzenreiter aus Beffendorf am Schlachtplatten-Wochenende mitnehmen.<br \/>\nDabei konnte man am Sonntagmittag gut erkennen, warum die SGM zuvor in Elf Spielen Elf Siege mit nur Drei Gegentoren erringen konnten. Deren Defensive hinterlie\u00df auch in Fluorn einen \u00e4u\u00dferst seri\u00f6sen Eindruck. Gerade zu Spielbeginn war das auf Fluorner Seite noch nicht wirklich der Fall. Unsere Hintermannschaft steigerte sich aber im Laufe der Partie mit zunehmender Spieldauer deutlich, sodass das Unentschieden am Ende ein gerechtes Ergebnis war. Nachdem Mario Pfau nach 15 Minuten einen Ball noch im letzten Moment mit dem Fu\u00df abwehren konnte, war es besonders \u00e4rgerlich, dass man den Gegentreffer zum 0:1 nur kurz darauf nach einer Standardsituation aus dem Halbfeld hinnehmen musste. Dabei hinterlie\u00df unser kompletter Defensivverbund leider keinen allzu wachen Eindruck, sodass man nach rund 20 gespielten Minuten ins Hintertreffen geriet. Unser Team k\u00e4mpfte sich aber zur\u00fcck in die Partie und war dann im zweiten Durchgang auch Feld\u00fcberlegen. Die Beffendorfer schafften es aber auf Grund ihrer Abwehrst\u00e4rke keine echte Torchance f\u00fcr unser Team bis zur 60. Spielminute zuzulassen. Beste Chance hatte dann Marvin Schwenk durch einen Schuss nach einem abgewehrten Eckball, der sein Ziel dann aber doch einige Meter verfehlte. Zum Gl\u00fcck konnte man dann in der 73. Spielminute doch noch den Ausgleichtreffer nach einer Standardsituation erzielen. Die sonst so stabile Hintermannschaft der Beffendorfer schaffte es nicht den Ball fr\u00fchzeitig aus dem eigenen Sechzehner zu kl\u00e4ren. Im Kampf um den Ball blieb Luca Schwenk am Ende der schnellste und staubte aus kurzer Distanz technisch anspruchsvoll zum 1:1-Unentschieden ab. Unser Team versuchte in der letzte Viertelstunde nochmal alles das Spiel noch erfolgreich zu gestalten. Wirklich nennenswerte M\u00f6glichkeiten verpufften aber meist im Ansatz oder konnten von der SGM fr\u00fchzeitig abgewehrt werden. Am Ende konnten aber beide Mannschaften wohl gut mit der Punkteteilung leben. <\/p>\n","protected":false},"excerpt":{"rendered":"<p>Immerhin einen Punkt konnte man gegen den bis dato punktverlustlosen Spitzenreiter aus Beffendorf am Schlachtplatten-Wochenende mitnehmen. Dabei konnte man am Sonntagmittag gut erkennen, warum die SGM zuvor in Elf Spielen Elf Siege mit nur Drei Gegentoren erringen konnten. Deren Defensive hinterlie\u00df auch in Fluorn einen \u00e4u\u00dferst seri\u00f6sen Eindruck. Gerade zu Spielbeginn war das auf Fluorner Seite noch nicht wirklich der Fall. Unsere Hintermannschaft steigerte sich aber im Laufe der Partie mit zunehmender Spieldauer deutlich, sodass das Unentschieden am Ende ein gerechtes Ergebnis war. Nachdem Mario Pfau nach 15 Minuten einen Ball noch im letzten Moment mit dem Fu\u00df abwehren konnte, war es besonders \u00e4rgerlich, dass man den Gegentreffer zum 0:1 [&hellip;]<\/p>\n","protected":false},"author":1,"featured_media":0,"comment_status":"closed","ping_status":"open","sticky":false,"template":"","format":"standard","meta":{"footnotes":""},"categories":[1,3],"tags":[],"class_list":["post-2459","post","type-post","status-publish","format-standard","hentry","category-allgemein","category-spielberichte"],"yoast_head":"<!-- This site is optimized with the Yoast SEO plugin v27.4 - https:\/\/yoast.com\/product\/yoast-seo-wordpress\/ -->\n<title>VfL Fluorn - SGM VfB B\u00f6singen III\/SV Beffendorf II 1:1 (0:1) - VfL Fluorn Fu\u00dfball 1924 e.V.<\/title>\n<meta name=\"robots\" content=\"index, follow, max-snippet:-1, max-image-preview:large, max-video-preview:-1\" \/>\n<link rel=\"canonical\" href=\"https:\/\/www.vfl-fluorn-fussball.de\/wordpress\/vfl-fluorn-sgm-vfb-boesingen-iiisv-beffendorf-ii-11-01\/\" \/>\n<meta property=\"og:locale\" content=\"de_DE\" \/>\n<meta property=\"og:type\" content=\"article\" \/>\n<meta property=\"og:title\" content=\"VfL Fluorn - SGM VfB B\u00f6singen III\/SV Beffendorf II 1:1 (0:1) - VfL Fluorn Fu\u00dfball 1924 e.V.\" \/>\n<meta property=\"og:description\" content=\"Immerhin einen Punkt konnte man gegen den bis dato punktverlustlosen Spitzenreiter aus Beffendorf am Schlachtplatten-Wochenende mitnehmen. Dabei konnte man am Sonntagmittag gut erkennen, warum die SGM zuvor in Elf Spielen Elf Siege mit nur Drei Gegentoren erringen konnten. Deren Defensive hinterlie\u00df auch in Fluorn einen \u00e4u\u00dferst seri\u00f6sen Eindruck. Gerade zu Spielbeginn war das auf Fluorner Seite noch nicht wirklich der Fall. Unsere Hintermannschaft steigerte sich aber im Laufe der Partie mit zunehmender Spieldauer deutlich, sodass das Unentschieden am Ende ein gerechtes Ergebnis war. Nachdem Mario Pfau nach 15 Minuten einen Ball noch im letzten Moment mit dem Fu\u00df abwehren konnte, war es besonders \u00e4rgerlich, dass man den Gegentreffer zum 0:1 [&hellip;]\" \/>\n<meta property=\"og:url\" content=\"https:\/\/www.vfl-fluorn-fussball.de\/wordpress\/vfl-fluorn-sgm-vfb-boesingen-iiisv-beffendorf-ii-11-01\/\" \/>\n<meta property=\"og:site_name\" content=\"VfL Fluorn Fu\u00dfball 1924 e.V.\" \/>\n<meta property=\"article:publisher\" content=\"https:\/\/de-de.facebook.com\/p\/Vfl-Fluorn-1924-eV-100036848576053\/\" \/>\n<meta property=\"article:published_time\" content=\"2017-10-23T10:52:36+00:00\" \/>\n<meta property=\"og:image\" content=\"https:\/\/www.vfl-fluorn-fussball.de\/wordpress\/wp-content\/uploads\/2023\/12\/HeaderWMSponsors4_final-1024x576.png\" \/>\n\t<meta property=\"og:image:width\" content=\"1024\" \/>\n\t<meta property=\"og:image:height\" content=\"576\" \/>\n\t<meta property=\"og:image:type\" content=\"image\/png\" \/>\n<meta name=\"author\" content=\"ankaufma\" \/>\n<meta name=\"twitter:label1\" content=\"Verfasst von\" \/>\n\t<meta name=\"twitter:data1\" content=\"ankaufma\" \/>\n\t<meta name=\"twitter:label2\" content=\"Gesch\u00e4tzte Lesezeit\" \/>\n\t<meta name=\"twitter:data2\" content=\"2\u00a0Minuten\" \/>\n<script type=\"application\/ld+json\" class=\"yoast-schema-graph\">{\"@context\":\"https:\\\/\\\/schema.org\",\"@graph\":[{\"@type\":\"Article\",\"@id\":\"https:\\\/\\\/www.vfl-fluorn-fussball.de\\\/wordpress\\\/vfl-fluorn-sgm-vfb-boesingen-iiisv-beffendorf-ii-11-01\\\/#article\",\"isPartOf\":{\"@id\":\"https:\\\/\\\/www.vfl-fluorn-fussball.de\\\/wordpress\\\/vfl-fluorn-sgm-vfb-boesingen-iiisv-beffendorf-ii-11-01\\\/\"},\"author\":{\"name\":\"ankaufma\",\"@id\":\"https:\\\/\\\/www.vfl-fluorn-fussball.de\\\/wordpress\\\/#\\\/schema\\\/person\\\/3af506b0fa18f0ab2d3369072c2ff93c\"},\"headline\":\"VfL Fluorn &#8211; SGM VfB B\u00f6singen III\\\/SV Beffendorf II 1:1 (0:1)\",\"datePublished\":\"2017-10-23T10:52:36+00:00\",\"mainEntityOfPage\":{\"@id\":\"https:\\\/\\\/www.vfl-fluorn-fussball.de\\\/wordpress\\\/vfl-fluorn-sgm-vfb-boesingen-iiisv-beffendorf-ii-11-01\\\/\"},\"wordCount\":319,\"publisher\":{\"@id\":\"https:\\\/\\\/www.vfl-fluorn-fussball.de\\\/wordpress\\\/#organization\"},\"articleSection\":{\"1\":\"Spielberichte\"},\"inLanguage\":\"de\"},{\"@type\":\"WebPage\",\"@id\":\"https:\\\/\\\/www.vfl-fluorn-fussball.de\\\/wordpress\\\/vfl-fluorn-sgm-vfb-boesingen-iiisv-beffendorf-ii-11-01\\\/\",\"url\":\"https:\\\/\\\/www.vfl-fluorn-fussball.de\\\/wordpress\\\/vfl-fluorn-sgm-vfb-boesingen-iiisv-beffendorf-ii-11-01\\\/\",\"name\":\"VfL Fluorn - SGM VfB B\u00f6singen III\\\/SV Beffendorf II 1:1 (0:1) - VfL Fluorn Fu\u00dfball 1924 e.V.\",\"isPartOf\":{\"@id\":\"https:\\\/\\\/www.vfl-fluorn-fussball.de\\\/wordpress\\\/#website\"},\"datePublished\":\"2017-10-23T10:52:36+00:00\",\"breadcrumb\":{\"@id\":\"https:\\\/\\\/www.vfl-fluorn-fussball.de\\\/wordpress\\\/vfl-fluorn-sgm-vfb-boesingen-iiisv-beffendorf-ii-11-01\\\/#breadcrumb\"},\"inLanguage\":\"de\",\"potentialAction\":[{\"@type\":\"ReadAction\",\"target\":[\"https:\\\/\\\/www.vfl-fluorn-fussball.de\\\/wordpress\\\/vfl-fluorn-sgm-vfb-boesingen-iiisv-beffendorf-ii-11-01\\\/\"]}]},{\"@type\":\"BreadcrumbList\",\"@id\":\"https:\\\/\\\/www.vfl-fluorn-fussball.de\\\/wordpress\\\/vfl-fluorn-sgm-vfb-boesingen-iiisv-beffendorf-ii-11-01\\\/#breadcrumb\",\"itemListElement\":[{\"@type\":\"ListItem\",\"position\":1,\"name\":\"Home\",\"item\":\"https:\\\/\\\/www.vfl-fluorn-fussball.de\\\/wordpress\\\/\"},{\"@type\":\"ListItem\",\"position\":2,\"name\":\"VfL Fluorn &#8211; SGM VfB B\u00f6singen III\\\/SV Beffendorf II 1:1 (0:1)\"}]},{\"@type\":\"WebSite\",\"@id\":\"https:\\\/\\\/www.vfl-fluorn-fussball.de\\\/wordpress\\\/#website\",\"url\":\"https:\\\/\\\/www.vfl-fluorn-fussball.de\\\/wordpress\\\/\",\"name\":\"VfL Fluorn Fu\u00dfball 1924 e.V.\",\"description\":\"Mein Freund ist aus Leder\",\"publisher\":{\"@id\":\"https:\\\/\\\/www.vfl-fluorn-fussball.de\\\/wordpress\\\/#organization\"},\"potentialAction\":[{\"@type\":\"SearchAction\",\"target\":{\"@type\":\"EntryPoint\",\"urlTemplate\":\"https:\\\/\\\/www.vfl-fluorn-fussball.de\\\/wordpress\\\/?s={search_term_string}\"},\"query-input\":{\"@type\":\"PropertyValueSpecification\",\"valueRequired\":true,\"valueName\":\"search_term_string\"}}],\"inLanguage\":\"de\"},{\"@type\":\"Organization\",\"@id\":\"https:\\\/\\\/www.vfl-fluorn-fussball.de\\\/wordpress\\\/#organization\",\"name\":\"VfL Fluorn Fu\u00dfball 1924 e.V.\",\"url\":\"https:\\\/\\\/www.vfl-fluorn-fussball.de\\\/wordpress\\\/\",\"logo\":{\"@type\":\"ImageObject\",\"inLanguage\":\"de\",\"@id\":\"https:\\\/\\\/www.vfl-fluorn-fussball.de\\\/wordpress\\\/#\\\/schema\\\/logo\\\/image\\\/\",\"url\":\"https:\\\/\\\/www.vfl-fluorn-fussball.de\\\/wordpress\\\/wp-content\\\/uploads\\\/2023\\\/12\\\/VfLLogoOhneHintergrund.png\",\"contentUrl\":\"https:\\\/\\\/www.vfl-fluorn-fussball.de\\\/wordpress\\\/wp-content\\\/uploads\\\/2023\\\/12\\\/VfLLogoOhneHintergrund.png\",\"width\":963,\"height\":963,\"caption\":\"VfL Fluorn Fu\u00dfball 1924 e.V.\"},\"image\":{\"@id\":\"https:\\\/\\\/www.vfl-fluorn-fussball.de\\\/wordpress\\\/#\\\/schema\\\/logo\\\/image\\\/\"},\"sameAs\":[\"https:\\\/\\\/de-de.facebook.com\\\/p\\\/Vfl-Fluorn-1924-eV-100036848576053\\\/\"]},{\"@type\":\"Person\",\"@id\":\"https:\\\/\\\/www.vfl-fluorn-fussball.de\\\/wordpress\\\/#\\\/schema\\\/person\\\/3af506b0fa18f0ab2d3369072c2ff93c\",\"name\":\"ankaufma\",\"image\":{\"@type\":\"ImageObject\",\"inLanguage\":\"de\",\"@id\":\"https:\\\/\\\/secure.gravatar.com\\\/avatar\\\/94b25ff5a2ca5bbb66c0f23cf4a2b2599aef9c8365f849d3270fd622c2a0ac17?s=96&d=mm&r=g\",\"url\":\"https:\\\/\\\/secure.gravatar.com\\\/avatar\\\/94b25ff5a2ca5bbb66c0f23cf4a2b2599aef9c8365f849d3270fd622c2a0ac17?s=96&d=mm&r=g\",\"contentUrl\":\"https:\\\/\\\/secure.gravatar.com\\\/avatar\\\/94b25ff5a2ca5bbb66c0f23cf4a2b2599aef9c8365f849d3270fd622c2a0ac17?s=96&d=mm&r=g\",\"caption\":\"ankaufma\"},\"url\":\"https:\\\/\\\/www.vfl-fluorn-fussball.de\\\/wordpress\\\/author\\\/ankaufma\\\/\"}]}<\/script>\n<!-- \/ Yoast SEO plugin. -->","yoast_head_json":{"title":"VfL Fluorn - SGM VfB B\u00f6singen III\/SV Beffendorf II 1:1 (0:1) - VfL Fluorn Fu\u00dfball 1924 e.V.","robots":{"index":"index","follow":"follow","max-snippet":"max-snippet:-1","max-image-preview":"max-image-preview:large","max-video-preview":"max-video-preview:-1"},"canonical":"https:\/\/www.vfl-fluorn-fussball.de\/wordpress\/vfl-fluorn-sgm-vfb-boesingen-iiisv-beffendorf-ii-11-01\/","og_locale":"de_DE","og_type":"article","og_title":"VfL Fluorn - SGM VfB B\u00f6singen III\/SV Beffendorf II 1:1 (0:1) - VfL Fluorn Fu\u00dfball 1924 e.V.","og_description":"Immerhin einen Punkt konnte man gegen den bis dato punktverlustlosen Spitzenreiter aus Beffendorf am Schlachtplatten-Wochenende mitnehmen. Dabei konnte man am Sonntagmittag gut erkennen, warum die SGM zuvor in Elf Spielen Elf Siege mit nur Drei Gegentoren erringen konnten. Deren Defensive hinterlie\u00df auch in Fluorn einen \u00e4u\u00dferst seri\u00f6sen Eindruck. Gerade zu Spielbeginn war das auf Fluorner Seite noch nicht wirklich der Fall. Unsere Hintermannschaft steigerte sich aber im Laufe der Partie mit zunehmender Spieldauer deutlich, sodass das Unentschieden am Ende ein gerechtes Ergebnis war. Nachdem Mario Pfau nach 15 Minuten einen Ball noch im letzten Moment mit dem Fu\u00df abwehren konnte, war es besonders \u00e4rgerlich, dass man den Gegentreffer zum 0:1 [&hellip;]","og_url":"https:\/\/www.vfl-fluorn-fussball.de\/wordpress\/vfl-fluorn-sgm-vfb-boesingen-iiisv-beffendorf-ii-11-01\/","og_site_name":"VfL Fluorn Fu\u00dfball 1924 e.V.","article_publisher":"https:\/\/de-de.facebook.com\/p\/Vfl-Fluorn-1924-eV-100036848576053\/","article_published_time":"2017-10-23T10:52:36+00:00","og_image":[{"width":1024,"height":576,"url":"https:\/\/www.vfl-fluorn-fussball.de\/wordpress\/wp-content\/uploads\/2023\/12\/HeaderWMSponsors4_final-1024x576.png","type":"image\/png"}],"author":"ankaufma","twitter_misc":{"Verfasst von":"ankaufma","Gesch\u00e4tzte Lesezeit":"2\u00a0Minuten"},"schema":{"@context":"https:\/\/schema.org","@graph":[{"@type":"Article","@id":"https:\/\/www.vfl-fluorn-fussball.de\/wordpress\/vfl-fluorn-sgm-vfb-boesingen-iiisv-beffendorf-ii-11-01\/#article","isPartOf":{"@id":"https:\/\/www.vfl-fluorn-fussball.de\/wordpress\/vfl-fluorn-sgm-vfb-boesingen-iiisv-beffendorf-ii-11-01\/"},"author":{"name":"ankaufma","@id":"https:\/\/www.vfl-fluorn-fussball.de\/wordpress\/#\/schema\/person\/3af506b0fa18f0ab2d3369072c2ff93c"},"headline":"VfL Fluorn &#8211; SGM VfB B\u00f6singen III\/SV Beffendorf II 1:1 (0:1)","datePublished":"2017-10-23T10:52:36+00:00","mainEntityOfPage":{"@id":"https:\/\/www.vfl-fluorn-fussball.de\/wordpress\/vfl-fluorn-sgm-vfb-boesingen-iiisv-beffendorf-ii-11-01\/"},"wordCount":319,"publisher":{"@id":"https:\/\/www.vfl-fluorn-fussball.de\/wordpress\/#organization"},"articleSection":{"1":"Spielberichte"},"inLanguage":"de"},{"@type":"WebPage","@id":"https:\/\/www.vfl-fluorn-fussball.de\/wordpress\/vfl-fluorn-sgm-vfb-boesingen-iiisv-beffendorf-ii-11-01\/","url":"https:\/\/www.vfl-fluorn-fussball.de\/wordpress\/vfl-fluorn-sgm-vfb-boesingen-iiisv-beffendorf-ii-11-01\/","name":"VfL Fluorn - SGM VfB B\u00f6singen III\/SV Beffendorf II 1:1 (0:1) - VfL Fluorn Fu\u00dfball 1924 e.V.","isPartOf":{"@id":"https:\/\/www.vfl-fluorn-fussball.de\/wordpress\/#website"},"datePublished":"2017-10-23T10:52:36+00:00","breadcrumb":{"@id":"https:\/\/www.vfl-fluorn-fussball.de\/wordpress\/vfl-fluorn-sgm-vfb-boesingen-iiisv-beffendorf-ii-11-01\/#breadcrumb"},"inLanguage":"de","potentialAction":[{"@type":"ReadAction","target":["https:\/\/www.vfl-fluorn-fussball.de\/wordpress\/vfl-fluorn-sgm-vfb-boesingen-iiisv-beffendorf-ii-11-01\/"]}]},{"@type":"BreadcrumbList","@id":"https:\/\/www.vfl-fluorn-fussball.de\/wordpress\/vfl-fluorn-sgm-vfb-boesingen-iiisv-beffendorf-ii-11-01\/#breadcrumb","itemListElement":[{"@type":"ListItem","position":1,"name":"Home","item":"https:\/\/www.vfl-fluorn-fussball.de\/wordpress\/"},{"@type":"ListItem","position":2,"name":"VfL Fluorn &#8211; SGM VfB B\u00f6singen III\/SV Beffendorf II 1:1 (0:1)"}]},{"@type":"WebSite","@id":"https:\/\/www.vfl-fluorn-fussball.de\/wordpress\/#website","url":"https:\/\/www.vfl-fluorn-fussball.de\/wordpress\/","name":"VfL Fluorn Fu\u00dfball 1924 e.V.","description":"Mein Freund ist aus Leder","publisher":{"@id":"https:\/\/www.vfl-fluorn-fussball.de\/wordpress\/#organization"},"potentialAction":[{"@type":"SearchAction","target":{"@type":"EntryPoint","urlTemplate":"https:\/\/www.vfl-fluorn-fussball.de\/wordpress\/?s={search_term_string}"},"query-input":{"@type":"PropertyValueSpecification","valueRequired":true,"valueName":"search_term_string"}}],"inLanguage":"de"},{"@type":"Organization","@id":"https:\/\/www.vfl-fluorn-fussball.de\/wordpress\/#organization","name":"VfL Fluorn Fu\u00dfball 1924 e.V.","url":"https:\/\/www.vfl-fluorn-fussball.de\/wordpress\/","logo":{"@type":"ImageObject","inLanguage":"de","@id":"https:\/\/www.vfl-fluorn-fussball.de\/wordpress\/#\/schema\/logo\/image\/","url":"https:\/\/www.vfl-fluorn-fussball.de\/wordpress\/wp-content\/uploads\/2023\/12\/VfLLogoOhneHintergrund.png","contentUrl":"https:\/\/www.vfl-fluorn-fussball.de\/wordpress\/wp-content\/uploads\/2023\/12\/VfLLogoOhneHintergrund.png","width":963,"height":963,"caption":"VfL Fluorn Fu\u00dfball 1924 e.V."},"image":{"@id":"https:\/\/www.vfl-fluorn-fussball.de\/wordpress\/#\/schema\/logo\/image\/"},"sameAs":["https:\/\/de-de.facebook.com\/p\/Vfl-Fluorn-1924-eV-100036848576053\/"]},{"@type":"Person","@id":"https:\/\/www.vfl-fluorn-fussball.de\/wordpress\/#\/schema\/person\/3af506b0fa18f0ab2d3369072c2ff93c","name":"ankaufma","image":{"@type":"ImageObject","inLanguage":"de","@id":"https:\/\/secure.gravatar.com\/avatar\/94b25ff5a2ca5bbb66c0f23cf4a2b2599aef9c8365f849d3270fd622c2a0ac17?s=96&d=mm&r=g","url":"https:\/\/secure.gravatar.com\/avatar\/94b25ff5a2ca5bbb66c0f23cf4a2b2599aef9c8365f849d3270fd622c2a0ac17?s=96&d=mm&r=g","contentUrl":"https:\/\/secure.gravatar.com\/avatar\/94b25ff5a2ca5bbb66c0f23cf4a2b2599aef9c8365f849d3270fd622c2a0ac17?s=96&d=mm&r=g","caption":"ankaufma"},"url":"https:\/\/www.vfl-fluorn-fussball.de\/wordpress\/author\/ankaufma\/"}]}},"_links":{"self":[{"href":"https:\/\/www.vfl-fluorn-fussball.de\/wordpress\/wp-json\/wp\/v2\/posts\/2459","targetHints":{"allow":["GET"]}}],"collection":[{"href":"https:\/\/www.vfl-fluorn-fussball.de\/wordpress\/wp-json\/wp\/v2\/posts"}],"about":[{"href":"https:\/\/www.vfl-fluorn-fussball.de\/wordpress\/wp-json\/wp\/v2\/types\/post"}],"author":[{"embeddable":true,"href":"https:\/\/www.vfl-fluorn-fussball.de\/wordpress\/wp-json\/wp\/v2\/users\/1"}],"replies":[{"embeddable":true,"href":"https:\/\/www.vfl-fluorn-fussball.de\/wordpress\/wp-json\/wp\/v2\/comments?post=2459"}],"version-history":[{"count":1,"href":"https:\/\/www.vfl-fluorn-fussball.de\/wordpress\/wp-json\/wp\/v2\/posts\/2459\/revisions"}],"predecessor-version":[{"id":2460,"href":"https:\/\/www.vfl-fluorn-fussball.de\/wordpress\/wp-json\/wp\/v2\/posts\/2459\/revisions\/2460"}],"wp:attachment":[{"href":"https:\/\/www.vfl-fluorn-fussball.de\/wordpress\/wp-json\/wp\/v2\/media?parent=2459"}],"wp:term":[{"taxonomy":"category","embeddable":true,"href":"https:\/\/www.vfl-fluorn-fussball.de\/wordpress\/wp-json\/wp\/v2\/categories?post=2459"},{"taxonomy":"post_tag","embeddable":true,"href":"https:\/\/www.vfl-fluorn-fussball.de\/wordpress\/wp-json\/wp\/v2\/tags?post=2459"}],"curies":[{"name":"wp","href":"https:\/\/api.w.org\/{rel}","templated":true}]}}