{"id":2657,"date":"2018-05-29T18:05:13","date_gmt":"2018-05-29T16:05:13","guid":{"rendered":"http:\/\/www.vfl-fluorn-fussball.de\/wordpress\/?p=2657"},"modified":"2018-05-29T18:08:55","modified_gmt":"2018-05-29T16:08:55","slug":"vfl-fluorn-sgm-deisslingenlauffen-ii-25-03","status":"publish","type":"post","link":"https:\/\/www.vfl-fluorn-fussball.de\/wordpress\/vfl-fluorn-sgm-deisslingenlauffen-ii-25-03\/","title":{"rendered":"VfL Fluorn &#8211; SGM Deisslingen\/Lauffen II 2:5 (0:3)"},"content":{"rendered":"<p>Eine ganz schwache Leistung bot man bei schw\u00fclen Temperaturen vergangenen Sonntag gegen die abstiegsbedrohthen Deisslinger und Lauffener.<br \/>\nDie zuletzt in drei Spielen ungeschlagene SGM machte es unserem Team von Beginn an schwer, \u00fcberlie\u00df uns zwar weitgehend das Spiel, stellte aber die R\u00e4ume extrem eng zu und unsere Spieler fanden kaum L\u00f6sungen, sodass die SGM im Prinzip nur auf Fehler unsererseits warten musste, w\u00e4hrend die SGM extrem bissig in den Zweikm\u00e4mpfen war. Dennoch war es unsere Elf, die nach 20 gespielten Minuten die beste Chance hatte: Ein Querpass vor dem Tor von Mladen Nicolic, fand den mitgelaufenen Lars Merz, welcher aus f\u00fcnf Metern den Ball aber nur knapp am langen Pfosten vorbei legte. Insgesamt zeitgte man aber ein extrem schwaches Spiel, sodass die F\u00fchrung &#8211; sogar mit drei Toren bis zur Halbzeit &#8211; alles in Allem dann leistungsgerecht war. Dazu muss allerdings noch gesagt werden, dass man sich zumindest bei zwei Toren auch vom extrem schwach leitenden Unparteiischen ziemlich betrogen f\u00fchlte: Dem 0:2 ging eigentlich ein Foul an Simon Hess voraus, welches der Schiedsrichter in die verkehrte Richtung umdeutete und dem 0:3 ein Foul an Lars Merz am eigene Sechzehner, welches nicht abgepfiffen wurde. In beiden Situationen hatte unsere Abwehrspieler schon abgeschaltet, was sicher auch nicht optimal war.<br \/>\nIm zweiten Durchgang zeigte man dann eine &#8211; zumindest offensiv &#8211; weitaus bessere Leistung. Gro\u00dfe Chance zum 1:3 hatte zun\u00e4chst Daniel Heizmann aber sein Abschluss aus kurzer Distanz traf zun\u00e4chst den Torh\u00fcter, der Nachuschuss einen Abwerhspieler auf der Torlienie. Ein vielversprechender Kopfball von Mladen Nicolic vom langen Pfosten ging kurz darauf nur wenige Zentimeter am Tor vorbei. So kam es, dass gleich zwei Konter zum 0:5 aus Fluorner Sicht f\u00fchrten, wobei man mittlerweile wegen Gelb-Rot-Gef\u00e4hrdung (Johannes Digel) und Verletzung (Aaron Kn\u00f6pfle) auch beide Innenverteidiger ersetzen musste. Beinahe turbulent wurde dann nochmal die Schlussphase. Zun\u00e4chst erzielte Luca Schwenk in der 80. Minute das 1:5 nach einem Volleyschuss von der Sechzehnerlinie. Nur zwei Minuten sp\u00e4ter stocherte Jan Ziegler den Ball nach einem Eckball zum 2:5 \u00fcber die Linie. Fatal war es dann, dass ein Elfmeter nur eine Minute sp\u00e4ter von Luca Schwenk nicht zum 3:5 genutzt werden konnte, sonst h\u00e4tte die Schlussphase doch noch spannend werden k\u00f6nnen. Alles in Allem war es f\u00fcr unsere Elf aber ein gebrauchter Tag. Am Ende war es neben der extrem schwachen Leistung im ersten Durchgang auch das Gl\u00fcck, dass uns in diesem Spiel \u00fcberhaupt nicht hold war. <\/p>\n","protected":false},"excerpt":{"rendered":"<p>Eine ganz schwache Leistung bot man bei schw\u00fclen Temperaturen vergangenen Sonntag gegen die abstiegsbedrohthen Deisslinger und Lauffener. Die zuletzt in drei Spielen ungeschlagene SGM machte es unserem Team von Beginn an schwer, \u00fcberlie\u00df uns zwar weitgehend das Spiel, stellte aber die R\u00e4ume extrem eng zu und unsere Spieler fanden kaum L\u00f6sungen, sodass die SGM im Prinzip nur auf Fehler unsererseits warten musste, w\u00e4hrend die SGM extrem bissig in den Zweikm\u00e4mpfen war. Dennoch war es unsere Elf, die nach 20 gespielten Minuten die beste Chance hatte: Ein Querpass vor dem Tor von Mladen Nicolic, fand den mitgelaufenen Lars Merz, welcher aus f\u00fcnf Metern den Ball aber nur knapp am langen Pfosten [&hellip;]<\/p>\n","protected":false},"author":1,"featured_media":0,"comment_status":"closed","ping_status":"open","sticky":false,"template":"","format":"standard","meta":{"footnotes":""},"categories":[1,32],"tags":[],"class_list":["post-2657","post","type-post","status-publish","format-standard","hentry","category-allgemein","category-sportheim"],"yoast_head":"<!-- This site is optimized with the Yoast SEO plugin v27.5 - https:\/\/yoast.com\/product\/yoast-seo-wordpress\/ -->\n<title>VfL Fluorn - SGM Deisslingen\/Lauffen II 2:5 (0:3) - VfL Fluorn Fu\u00dfball 1924 e.V.<\/title>\n<meta name=\"robots\" content=\"index, follow, max-snippet:-1, max-image-preview:large, max-video-preview:-1\" \/>\n<link rel=\"canonical\" href=\"https:\/\/www.vfl-fluorn-fussball.de\/wordpress\/vfl-fluorn-sgm-deisslingenlauffen-ii-25-03\/\" \/>\n<meta property=\"og:locale\" content=\"de_DE\" \/>\n<meta property=\"og:type\" content=\"article\" \/>\n<meta property=\"og:title\" content=\"VfL Fluorn - SGM Deisslingen\/Lauffen II 2:5 (0:3) - VfL Fluorn Fu\u00dfball 1924 e.V.\" \/>\n<meta property=\"og:description\" content=\"Eine ganz schwache Leistung bot man bei schw\u00fclen Temperaturen vergangenen Sonntag gegen die abstiegsbedrohthen Deisslinger und Lauffener. Die zuletzt in drei Spielen ungeschlagene SGM machte es unserem Team von Beginn an schwer, \u00fcberlie\u00df uns zwar weitgehend das Spiel, stellte aber die R\u00e4ume extrem eng zu und unsere Spieler fanden kaum L\u00f6sungen, sodass die SGM im Prinzip nur auf Fehler unsererseits warten musste, w\u00e4hrend die SGM extrem bissig in den Zweikm\u00e4mpfen war. Dennoch war es unsere Elf, die nach 20 gespielten Minuten die beste Chance hatte: Ein Querpass vor dem Tor von Mladen Nicolic, fand den mitgelaufenen Lars Merz, welcher aus f\u00fcnf Metern den Ball aber nur knapp am langen Pfosten [&hellip;]\" \/>\n<meta property=\"og:url\" content=\"https:\/\/www.vfl-fluorn-fussball.de\/wordpress\/vfl-fluorn-sgm-deisslingenlauffen-ii-25-03\/\" \/>\n<meta property=\"og:site_name\" content=\"VfL Fluorn Fu\u00dfball 1924 e.V.\" \/>\n<meta property=\"article:publisher\" content=\"https:\/\/de-de.facebook.com\/p\/Vfl-Fluorn-1924-eV-100036848576053\/\" \/>\n<meta property=\"article:published_time\" content=\"2018-05-29T16:05:13+00:00\" \/>\n<meta property=\"article:modified_time\" content=\"2018-05-29T16:08:55+00:00\" \/>\n<meta property=\"og:image\" content=\"https:\/\/www.vfl-fluorn-fussball.de\/wordpress\/wp-content\/uploads\/2023\/12\/HeaderWMSponsors4_final-1024x576.png\" \/>\n\t<meta property=\"og:image:width\" content=\"1024\" \/>\n\t<meta property=\"og:image:height\" content=\"576\" \/>\n\t<meta property=\"og:image:type\" content=\"image\/png\" \/>\n<meta name=\"author\" content=\"ankaufma\" \/>\n<meta name=\"twitter:label1\" content=\"Verfasst von\" \/>\n\t<meta name=\"twitter:data1\" content=\"ankaufma\" \/>\n\t<meta name=\"twitter:label2\" content=\"Gesch\u00e4tzte Lesezeit\" \/>\n\t<meta name=\"twitter:data2\" content=\"2\u00a0Minuten\" \/>\n<script type=\"application\/ld+json\" class=\"yoast-schema-graph\">{\"@context\":\"https:\\\/\\\/schema.org\",\"@graph\":[{\"@type\":\"Article\",\"@id\":\"https:\\\/\\\/www.vfl-fluorn-fussball.de\\\/wordpress\\\/vfl-fluorn-sgm-deisslingenlauffen-ii-25-03\\\/#article\",\"isPartOf\":{\"@id\":\"https:\\\/\\\/www.vfl-fluorn-fussball.de\\\/wordpress\\\/vfl-fluorn-sgm-deisslingenlauffen-ii-25-03\\\/\"},\"author\":{\"name\":\"ankaufma\",\"@id\":\"https:\\\/\\\/www.vfl-fluorn-fussball.de\\\/wordpress\\\/#\\\/schema\\\/person\\\/3af506b0fa18f0ab2d3369072c2ff93c\"},\"headline\":\"VfL Fluorn &#8211; SGM Deisslingen\\\/Lauffen II 2:5 (0:3)\",\"datePublished\":\"2018-05-29T16:05:13+00:00\",\"dateModified\":\"2018-05-29T16:08:55+00:00\",\"mainEntityOfPage\":{\"@id\":\"https:\\\/\\\/www.vfl-fluorn-fussball.de\\\/wordpress\\\/vfl-fluorn-sgm-deisslingenlauffen-ii-25-03\\\/\"},\"wordCount\":418,\"publisher\":{\"@id\":\"https:\\\/\\\/www.vfl-fluorn-fussball.de\\\/wordpress\\\/#organization\"},\"articleSection\":{\"1\":\"Sportheim\"},\"inLanguage\":\"de\"},{\"@type\":\"WebPage\",\"@id\":\"https:\\\/\\\/www.vfl-fluorn-fussball.de\\\/wordpress\\\/vfl-fluorn-sgm-deisslingenlauffen-ii-25-03\\\/\",\"url\":\"https:\\\/\\\/www.vfl-fluorn-fussball.de\\\/wordpress\\\/vfl-fluorn-sgm-deisslingenlauffen-ii-25-03\\\/\",\"name\":\"VfL Fluorn - SGM Deisslingen\\\/Lauffen II 2:5 (0:3) - VfL Fluorn Fu\u00dfball 1924 e.V.\",\"isPartOf\":{\"@id\":\"https:\\\/\\\/www.vfl-fluorn-fussball.de\\\/wordpress\\\/#website\"},\"datePublished\":\"2018-05-29T16:05:13+00:00\",\"dateModified\":\"2018-05-29T16:08:55+00:00\",\"breadcrumb\":{\"@id\":\"https:\\\/\\\/www.vfl-fluorn-fussball.de\\\/wordpress\\\/vfl-fluorn-sgm-deisslingenlauffen-ii-25-03\\\/#breadcrumb\"},\"inLanguage\":\"de\",\"potentialAction\":[{\"@type\":\"ReadAction\",\"target\":[\"https:\\\/\\\/www.vfl-fluorn-fussball.de\\\/wordpress\\\/vfl-fluorn-sgm-deisslingenlauffen-ii-25-03\\\/\"]}]},{\"@type\":\"BreadcrumbList\",\"@id\":\"https:\\\/\\\/www.vfl-fluorn-fussball.de\\\/wordpress\\\/vfl-fluorn-sgm-deisslingenlauffen-ii-25-03\\\/#breadcrumb\",\"itemListElement\":[{\"@type\":\"ListItem\",\"position\":1,\"name\":\"Home\",\"item\":\"https:\\\/\\\/www.vfl-fluorn-fussball.de\\\/wordpress\\\/\"},{\"@type\":\"ListItem\",\"position\":2,\"name\":\"VfL Fluorn &#8211; SGM Deisslingen\\\/Lauffen II 2:5 (0:3)\"}]},{\"@type\":\"WebSite\",\"@id\":\"https:\\\/\\\/www.vfl-fluorn-fussball.de\\\/wordpress\\\/#website\",\"url\":\"https:\\\/\\\/www.vfl-fluorn-fussball.de\\\/wordpress\\\/\",\"name\":\"VfL Fluorn Fu\u00dfball 1924 e.V.\",\"description\":\"Mein Freund ist aus Leder\",\"publisher\":{\"@id\":\"https:\\\/\\\/www.vfl-fluorn-fussball.de\\\/wordpress\\\/#organization\"},\"potentialAction\":[{\"@type\":\"SearchAction\",\"target\":{\"@type\":\"EntryPoint\",\"urlTemplate\":\"https:\\\/\\\/www.vfl-fluorn-fussball.de\\\/wordpress\\\/?s={search_term_string}\"},\"query-input\":{\"@type\":\"PropertyValueSpecification\",\"valueRequired\":true,\"valueName\":\"search_term_string\"}}],\"inLanguage\":\"de\"},{\"@type\":\"Organization\",\"@id\":\"https:\\\/\\\/www.vfl-fluorn-fussball.de\\\/wordpress\\\/#organization\",\"name\":\"VfL Fluorn Fu\u00dfball 1924 e.V.\",\"url\":\"https:\\\/\\\/www.vfl-fluorn-fussball.de\\\/wordpress\\\/\",\"logo\":{\"@type\":\"ImageObject\",\"inLanguage\":\"de\",\"@id\":\"https:\\\/\\\/www.vfl-fluorn-fussball.de\\\/wordpress\\\/#\\\/schema\\\/logo\\\/image\\\/\",\"url\":\"https:\\\/\\\/www.vfl-fluorn-fussball.de\\\/wordpress\\\/wp-content\\\/uploads\\\/2023\\\/12\\\/VfLLogoOhneHintergrund.png\",\"contentUrl\":\"https:\\\/\\\/www.vfl-fluorn-fussball.de\\\/wordpress\\\/wp-content\\\/uploads\\\/2023\\\/12\\\/VfLLogoOhneHintergrund.png\",\"width\":963,\"height\":963,\"caption\":\"VfL Fluorn Fu\u00dfball 1924 e.V.\"},\"image\":{\"@id\":\"https:\\\/\\\/www.vfl-fluorn-fussball.de\\\/wordpress\\\/#\\\/schema\\\/logo\\\/image\\\/\"},\"sameAs\":[\"https:\\\/\\\/de-de.facebook.com\\\/p\\\/Vfl-Fluorn-1924-eV-100036848576053\\\/\"]},{\"@type\":\"Person\",\"@id\":\"https:\\\/\\\/www.vfl-fluorn-fussball.de\\\/wordpress\\\/#\\\/schema\\\/person\\\/3af506b0fa18f0ab2d3369072c2ff93c\",\"name\":\"ankaufma\",\"image\":{\"@type\":\"ImageObject\",\"inLanguage\":\"de\",\"@id\":\"https:\\\/\\\/secure.gravatar.com\\\/avatar\\\/94b25ff5a2ca5bbb66c0f23cf4a2b2599aef9c8365f849d3270fd622c2a0ac17?s=96&d=mm&r=g\",\"url\":\"https:\\\/\\\/secure.gravatar.com\\\/avatar\\\/94b25ff5a2ca5bbb66c0f23cf4a2b2599aef9c8365f849d3270fd622c2a0ac17?s=96&d=mm&r=g\",\"contentUrl\":\"https:\\\/\\\/secure.gravatar.com\\\/avatar\\\/94b25ff5a2ca5bbb66c0f23cf4a2b2599aef9c8365f849d3270fd622c2a0ac17?s=96&d=mm&r=g\",\"caption\":\"ankaufma\"},\"url\":\"https:\\\/\\\/www.vfl-fluorn-fussball.de\\\/wordpress\\\/author\\\/ankaufma\\\/\"}]}<\/script>\n<!-- \/ Yoast SEO plugin. -->","yoast_head_json":{"title":"VfL Fluorn - SGM Deisslingen\/Lauffen II 2:5 (0:3) - VfL Fluorn Fu\u00dfball 1924 e.V.","robots":{"index":"index","follow":"follow","max-snippet":"max-snippet:-1","max-image-preview":"max-image-preview:large","max-video-preview":"max-video-preview:-1"},"canonical":"https:\/\/www.vfl-fluorn-fussball.de\/wordpress\/vfl-fluorn-sgm-deisslingenlauffen-ii-25-03\/","og_locale":"de_DE","og_type":"article","og_title":"VfL Fluorn - SGM Deisslingen\/Lauffen II 2:5 (0:3) - VfL Fluorn Fu\u00dfball 1924 e.V.","og_description":"Eine ganz schwache Leistung bot man bei schw\u00fclen Temperaturen vergangenen Sonntag gegen die abstiegsbedrohthen Deisslinger und Lauffener. Die zuletzt in drei Spielen ungeschlagene SGM machte es unserem Team von Beginn an schwer, \u00fcberlie\u00df uns zwar weitgehend das Spiel, stellte aber die R\u00e4ume extrem eng zu und unsere Spieler fanden kaum L\u00f6sungen, sodass die SGM im Prinzip nur auf Fehler unsererseits warten musste, w\u00e4hrend die SGM extrem bissig in den Zweikm\u00e4mpfen war. Dennoch war es unsere Elf, die nach 20 gespielten Minuten die beste Chance hatte: Ein Querpass vor dem Tor von Mladen Nicolic, fand den mitgelaufenen Lars Merz, welcher aus f\u00fcnf Metern den Ball aber nur knapp am langen Pfosten [&hellip;]","og_url":"https:\/\/www.vfl-fluorn-fussball.de\/wordpress\/vfl-fluorn-sgm-deisslingenlauffen-ii-25-03\/","og_site_name":"VfL Fluorn Fu\u00dfball 1924 e.V.","article_publisher":"https:\/\/de-de.facebook.com\/p\/Vfl-Fluorn-1924-eV-100036848576053\/","article_published_time":"2018-05-29T16:05:13+00:00","article_modified_time":"2018-05-29T16:08:55+00:00","og_image":[{"width":1024,"height":576,"url":"https:\/\/www.vfl-fluorn-fussball.de\/wordpress\/wp-content\/uploads\/2023\/12\/HeaderWMSponsors4_final-1024x576.png","type":"image\/png"}],"author":"ankaufma","twitter_misc":{"Verfasst von":"ankaufma","Gesch\u00e4tzte Lesezeit":"2\u00a0Minuten"},"schema":{"@context":"https:\/\/schema.org","@graph":[{"@type":"Article","@id":"https:\/\/www.vfl-fluorn-fussball.de\/wordpress\/vfl-fluorn-sgm-deisslingenlauffen-ii-25-03\/#article","isPartOf":{"@id":"https:\/\/www.vfl-fluorn-fussball.de\/wordpress\/vfl-fluorn-sgm-deisslingenlauffen-ii-25-03\/"},"author":{"name":"ankaufma","@id":"https:\/\/www.vfl-fluorn-fussball.de\/wordpress\/#\/schema\/person\/3af506b0fa18f0ab2d3369072c2ff93c"},"headline":"VfL Fluorn &#8211; SGM Deisslingen\/Lauffen II 2:5 (0:3)","datePublished":"2018-05-29T16:05:13+00:00","dateModified":"2018-05-29T16:08:55+00:00","mainEntityOfPage":{"@id":"https:\/\/www.vfl-fluorn-fussball.de\/wordpress\/vfl-fluorn-sgm-deisslingenlauffen-ii-25-03\/"},"wordCount":418,"publisher":{"@id":"https:\/\/www.vfl-fluorn-fussball.de\/wordpress\/#organization"},"articleSection":{"1":"Sportheim"},"inLanguage":"de"},{"@type":"WebPage","@id":"https:\/\/www.vfl-fluorn-fussball.de\/wordpress\/vfl-fluorn-sgm-deisslingenlauffen-ii-25-03\/","url":"https:\/\/www.vfl-fluorn-fussball.de\/wordpress\/vfl-fluorn-sgm-deisslingenlauffen-ii-25-03\/","name":"VfL Fluorn - SGM Deisslingen\/Lauffen II 2:5 (0:3) - VfL Fluorn Fu\u00dfball 1924 e.V.","isPartOf":{"@id":"https:\/\/www.vfl-fluorn-fussball.de\/wordpress\/#website"},"datePublished":"2018-05-29T16:05:13+00:00","dateModified":"2018-05-29T16:08:55+00:00","breadcrumb":{"@id":"https:\/\/www.vfl-fluorn-fussball.de\/wordpress\/vfl-fluorn-sgm-deisslingenlauffen-ii-25-03\/#breadcrumb"},"inLanguage":"de","potentialAction":[{"@type":"ReadAction","target":["https:\/\/www.vfl-fluorn-fussball.de\/wordpress\/vfl-fluorn-sgm-deisslingenlauffen-ii-25-03\/"]}]},{"@type":"BreadcrumbList","@id":"https:\/\/www.vfl-fluorn-fussball.de\/wordpress\/vfl-fluorn-sgm-deisslingenlauffen-ii-25-03\/#breadcrumb","itemListElement":[{"@type":"ListItem","position":1,"name":"Home","item":"https:\/\/www.vfl-fluorn-fussball.de\/wordpress\/"},{"@type":"ListItem","position":2,"name":"VfL Fluorn &#8211; SGM Deisslingen\/Lauffen II 2:5 (0:3)"}]},{"@type":"WebSite","@id":"https:\/\/www.vfl-fluorn-fussball.de\/wordpress\/#website","url":"https:\/\/www.vfl-fluorn-fussball.de\/wordpress\/","name":"VfL Fluorn Fu\u00dfball 1924 e.V.","description":"Mein Freund ist aus Leder","publisher":{"@id":"https:\/\/www.vfl-fluorn-fussball.de\/wordpress\/#organization"},"potentialAction":[{"@type":"SearchAction","target":{"@type":"EntryPoint","urlTemplate":"https:\/\/www.vfl-fluorn-fussball.de\/wordpress\/?s={search_term_string}"},"query-input":{"@type":"PropertyValueSpecification","valueRequired":true,"valueName":"search_term_string"}}],"inLanguage":"de"},{"@type":"Organization","@id":"https:\/\/www.vfl-fluorn-fussball.de\/wordpress\/#organization","name":"VfL Fluorn Fu\u00dfball 1924 e.V.","url":"https:\/\/www.vfl-fluorn-fussball.de\/wordpress\/","logo":{"@type":"ImageObject","inLanguage":"de","@id":"https:\/\/www.vfl-fluorn-fussball.de\/wordpress\/#\/schema\/logo\/image\/","url":"https:\/\/www.vfl-fluorn-fussball.de\/wordpress\/wp-content\/uploads\/2023\/12\/VfLLogoOhneHintergrund.png","contentUrl":"https:\/\/www.vfl-fluorn-fussball.de\/wordpress\/wp-content\/uploads\/2023\/12\/VfLLogoOhneHintergrund.png","width":963,"height":963,"caption":"VfL Fluorn Fu\u00dfball 1924 e.V."},"image":{"@id":"https:\/\/www.vfl-fluorn-fussball.de\/wordpress\/#\/schema\/logo\/image\/"},"sameAs":["https:\/\/de-de.facebook.com\/p\/Vfl-Fluorn-1924-eV-100036848576053\/"]},{"@type":"Person","@id":"https:\/\/www.vfl-fluorn-fussball.de\/wordpress\/#\/schema\/person\/3af506b0fa18f0ab2d3369072c2ff93c","name":"ankaufma","image":{"@type":"ImageObject","inLanguage":"de","@id":"https:\/\/secure.gravatar.com\/avatar\/94b25ff5a2ca5bbb66c0f23cf4a2b2599aef9c8365f849d3270fd622c2a0ac17?s=96&d=mm&r=g","url":"https:\/\/secure.gravatar.com\/avatar\/94b25ff5a2ca5bbb66c0f23cf4a2b2599aef9c8365f849d3270fd622c2a0ac17?s=96&d=mm&r=g","contentUrl":"https:\/\/secure.gravatar.com\/avatar\/94b25ff5a2ca5bbb66c0f23cf4a2b2599aef9c8365f849d3270fd622c2a0ac17?s=96&d=mm&r=g","caption":"ankaufma"},"url":"https:\/\/www.vfl-fluorn-fussball.de\/wordpress\/author\/ankaufma\/"}]}},"_links":{"self":[{"href":"https:\/\/www.vfl-fluorn-fussball.de\/wordpress\/wp-json\/wp\/v2\/posts\/2657","targetHints":{"allow":["GET"]}}],"collection":[{"href":"https:\/\/www.vfl-fluorn-fussball.de\/wordpress\/wp-json\/wp\/v2\/posts"}],"about":[{"href":"https:\/\/www.vfl-fluorn-fussball.de\/wordpress\/wp-json\/wp\/v2\/types\/post"}],"author":[{"embeddable":true,"href":"https:\/\/www.vfl-fluorn-fussball.de\/wordpress\/wp-json\/wp\/v2\/users\/1"}],"replies":[{"embeddable":true,"href":"https:\/\/www.vfl-fluorn-fussball.de\/wordpress\/wp-json\/wp\/v2\/comments?post=2657"}],"version-history":[{"count":3,"href":"https:\/\/www.vfl-fluorn-fussball.de\/wordpress\/wp-json\/wp\/v2\/posts\/2657\/revisions"}],"predecessor-version":[{"id":2661,"href":"https:\/\/www.vfl-fluorn-fussball.de\/wordpress\/wp-json\/wp\/v2\/posts\/2657\/revisions\/2661"}],"wp:attachment":[{"href":"https:\/\/www.vfl-fluorn-fussball.de\/wordpress\/wp-json\/wp\/v2\/media?parent=2657"}],"wp:term":[{"taxonomy":"category","embeddable":true,"href":"https:\/\/www.vfl-fluorn-fussball.de\/wordpress\/wp-json\/wp\/v2\/categories?post=2657"},{"taxonomy":"post_tag","embeddable":true,"href":"https:\/\/www.vfl-fluorn-fussball.de\/wordpress\/wp-json\/wp\/v2\/tags?post=2657"}],"curies":[{"name":"wp","href":"https:\/\/api.w.org\/{rel}","templated":true}]}}