{"id":4464,"date":"2023-07-03T14:00:31","date_gmt":"2023-07-03T12:00:31","guid":{"rendered":"https:\/\/www.vfl-fluorn-fussball.de\/wordpress\/?p=4464"},"modified":"2023-07-03T14:40:21","modified_gmt":"2023-07-03T12:40:21","slug":"pressemitteilung-zum-ix-william-mccrum-elfmeterturnier","status":"publish","type":"post","link":"https:\/\/www.vfl-fluorn-fussball.de\/wordpress\/pressemitteilung-zum-ix-william-mccrum-elfmeterturnier\/","title":{"rendered":"Pressemitteilung zum IX. William McCrum Elfmeterturnier"},"content":{"rendered":"<p><strong>VfL Fluorn richtet Elfmeterschie\u00dfen aus<br \/>\n42 Freizeitteams am Start \/ Spa\u00dffaktor stand im Vordergrund<\/strong><\/p>\n<p>Fluorn-Winzeln. Eine Rekordbeteiligung verzeichnete der VfL Fluorn bei der inzwischen neunten Auflage seines so genannten William McCrum Elfmeterturniers auf dem Fluorner Sportgel\u00e4nde.<br \/>\n32 Teams bei den M\u00e4nnern und weitere zehn bei den Frauen versuchten sich als mehr oder weniger treffsichere Sch\u00fctzen vom Elfmeterpunkt. Dass das Ganze trotz attraktiver Preise, die es zu gewinnen gab, von den meisten Teilnehmern nicht so bierernst angesehen wurde, davon zeugten teils originelle und lustige Namen wie die Traumschwiegers\u00f6hne oder Arminia Bierfehlt bei den M\u00e4nnern wie auch Holy Aperoly oder FC Tratschbande bei den Frauen.<br \/>\nAuch ein gewisses Lokalkolorit durfte nicht fehlen, schlie\u00dflich kamen etliche der \u00fcber 40 Teams aus der Doppelgemeinde, wie die Michelfelder Blechb\u00e4tscher, die B\u00fchlstra\u00dfenbomber oder der FC Poche, was zudem ein gelungenes Beispiel f\u00fcr miteinander gelebte Inklusion aufzeigte.<br \/>\nAuch vereinzelte Regenschauer zwischendurch tr\u00fcbten die gute Stimmung bei den Teilnehmern und den vielen Zuschauern nicht. Nach spannenden und engen Halbfinals siegte bei den M\u00e4nnern im Finale der FC Bohnen, eine Gruppe Jugendlicher aus Dunningen-Seedorf und Aichhalden, vor dem Nachwuchs von Lehrern der Musikschule Hast du T\u00f6ne aus Fluorn. Dritt- und Viertplatzierter waren dann die Mannschaften Icke H\u00fcfthoch und FFW Finsdorf, beide \u00fcberwiegend aus Kickern der SG Fluorn-Winzeln zusammengestellt.<br \/>\n\u201eSex on the beach\u201c nannten sich die Garde aus Waldm\u00f6ssingen, sie hatten bei den Frauen am Ende die Nase vorn, gefolgt vom 1. FC Weinschorle (Frauenfu\u00dfball MaLo) und den Startgeldzur\u00fcckgewinner(inne)n aus Fluorn-Winzeln. Bei der Siegerehrung konnten die Organisatoren Luca Schwenk, Tim Ziegler, Lars Merz und Moderator Andreas Kaufmann wertvolle Geld- und Sachpreise \u00fcberreichen und danach feierten viele der Sch\u00fctzinnen und Sch\u00fctzen noch lange am Abend ihre (Miss-)Erfolge rund ums VfL-Sportheim.<\/p>\n<p><a href=\"https:\/\/www.vfl-fluorn-fussball.de\/wordpress\/wp-content\/uploads\/2023\/07\/DSC_0496-Zuschauer-scaled.jpg\"><img loading=\"lazy\" decoding=\"async\" class=\"alignnone size-medium wp-image-4467\" src=\"https:\/\/www.vfl-fluorn-fussball.de\/wordpress\/wp-content\/uploads\/2023\/07\/DSC_0496-Zuschauer-300x199.jpg\" alt=\"\" width=\"300\" height=\"199\" srcset=\"https:\/\/www.vfl-fluorn-fussball.de\/wordpress\/wp-content\/uploads\/2023\/07\/DSC_0496-Zuschauer-300x199.jpg 300w, https:\/\/www.vfl-fluorn-fussball.de\/wordpress\/wp-content\/uploads\/2023\/07\/DSC_0496-Zuschauer-1024x678.jpg 1024w, https:\/\/www.vfl-fluorn-fussball.de\/wordpress\/wp-content\/uploads\/2023\/07\/DSC_0496-Zuschauer-768x509.jpg 768w, https:\/\/www.vfl-fluorn-fussball.de\/wordpress\/wp-content\/uploads\/2023\/07\/DSC_0496-Zuschauer-1536x1017.jpg 1536w, https:\/\/www.vfl-fluorn-fussball.de\/wordpress\/wp-content\/uploads\/2023\/07\/DSC_0496-Zuschauer-2048x1356.jpg 2048w, https:\/\/www.vfl-fluorn-fussball.de\/wordpress\/wp-content\/uploads\/2023\/07\/DSC_0496-Zuschauer-750x497.jpg 750w, https:\/\/www.vfl-fluorn-fussball.de\/wordpress\/wp-content\/uploads\/2023\/07\/DSC_0496-Zuschauer-400x265.jpg 400w, https:\/\/www.vfl-fluorn-fussball.de\/wordpress\/wp-content\/uploads\/2023\/07\/DSC_0496-Zuschauer-430x285.jpg 430w, https:\/\/www.vfl-fluorn-fussball.de\/wordpress\/wp-content\/uploads\/2023\/07\/DSC_0496-Zuschauer-150x99.jpg 150w, https:\/\/www.vfl-fluorn-fussball.de\/wordpress\/wp-content\/uploads\/2023\/07\/DSC_0496-Zuschauer-100x66.jpg 100w\" sizes=\"auto, (max-width: 300px) 100vw, 300px\" \/><\/a><a href=\"https:\/\/www.vfl-fluorn-fussball.de\/wordpress\/wp-content\/uploads\/2023\/07\/DSC_0631_Maenner-scaled.jpg\"> <img loading=\"lazy\" decoding=\"async\" class=\"alignnone size-medium wp-image-4468\" src=\"https:\/\/www.vfl-fluorn-fussball.de\/wordpress\/wp-content\/uploads\/2023\/07\/DSC_0631_Maenner-300x199.jpg\" alt=\"\" width=\"300\" height=\"199\" srcset=\"https:\/\/www.vfl-fluorn-fussball.de\/wordpress\/wp-content\/uploads\/2023\/07\/DSC_0631_Maenner-300x199.jpg 300w, https:\/\/www.vfl-fluorn-fussball.de\/wordpress\/wp-content\/uploads\/2023\/07\/DSC_0631_Maenner-1024x678.jpg 1024w, https:\/\/www.vfl-fluorn-fussball.de\/wordpress\/wp-content\/uploads\/2023\/07\/DSC_0631_Maenner-768x509.jpg 768w, https:\/\/www.vfl-fluorn-fussball.de\/wordpress\/wp-content\/uploads\/2023\/07\/DSC_0631_Maenner-1536x1017.jpg 1536w, https:\/\/www.vfl-fluorn-fussball.de\/wordpress\/wp-content\/uploads\/2023\/07\/DSC_0631_Maenner-2048x1356.jpg 2048w, https:\/\/www.vfl-fluorn-fussball.de\/wordpress\/wp-content\/uploads\/2023\/07\/DSC_0631_Maenner-750x497.jpg 750w, https:\/\/www.vfl-fluorn-fussball.de\/wordpress\/wp-content\/uploads\/2023\/07\/DSC_0631_Maenner-400x265.jpg 400w, https:\/\/www.vfl-fluorn-fussball.de\/wordpress\/wp-content\/uploads\/2023\/07\/DSC_0631_Maenner-430x285.jpg 430w, https:\/\/www.vfl-fluorn-fussball.de\/wordpress\/wp-content\/uploads\/2023\/07\/DSC_0631_Maenner-150x99.jpg 150w, https:\/\/www.vfl-fluorn-fussball.de\/wordpress\/wp-content\/uploads\/2023\/07\/DSC_0631_Maenner-100x66.jpg 100w\" sizes=\"auto, (max-width: 300px) 100vw, 300px\" \/> <\/a><a href=\"https:\/\/www.vfl-fluorn-fussball.de\/wordpress\/wp-content\/uploads\/2023\/07\/DSC_0603_Frauen-scaled.jpg\"><img loading=\"lazy\" decoding=\"async\" class=\"alignnone size-medium wp-image-4466\" src=\"https:\/\/www.vfl-fluorn-fussball.de\/wordpress\/wp-content\/uploads\/2023\/07\/DSC_0603_Frauen-300x199.jpg\" alt=\"\" width=\"300\" height=\"199\" srcset=\"https:\/\/www.vfl-fluorn-fussball.de\/wordpress\/wp-content\/uploads\/2023\/07\/DSC_0603_Frauen-300x199.jpg 300w, https:\/\/www.vfl-fluorn-fussball.de\/wordpress\/wp-content\/uploads\/2023\/07\/DSC_0603_Frauen-1024x678.jpg 1024w, https:\/\/www.vfl-fluorn-fussball.de\/wordpress\/wp-content\/uploads\/2023\/07\/DSC_0603_Frauen-768x509.jpg 768w, https:\/\/www.vfl-fluorn-fussball.de\/wordpress\/wp-content\/uploads\/2023\/07\/DSC_0603_Frauen-1536x1017.jpg 1536w, https:\/\/www.vfl-fluorn-fussball.de\/wordpress\/wp-content\/uploads\/2023\/07\/DSC_0603_Frauen-2048x1356.jpg 2048w, https:\/\/www.vfl-fluorn-fussball.de\/wordpress\/wp-content\/uploads\/2023\/07\/DSC_0603_Frauen-750x497.jpg 750w, https:\/\/www.vfl-fluorn-fussball.de\/wordpress\/wp-content\/uploads\/2023\/07\/DSC_0603_Frauen-400x265.jpg 400w, https:\/\/www.vfl-fluorn-fussball.de\/wordpress\/wp-content\/uploads\/2023\/07\/DSC_0603_Frauen-430x285.jpg 430w, https:\/\/www.vfl-fluorn-fussball.de\/wordpress\/wp-content\/uploads\/2023\/07\/DSC_0603_Frauen-150x99.jpg 150w, https:\/\/www.vfl-fluorn-fussball.de\/wordpress\/wp-content\/uploads\/2023\/07\/DSC_0603_Frauen-100x66.jpg 100w\" sizes=\"auto, (max-width: 300px) 100vw, 300px\" \/><\/a><\/p>\n<p><a href=\"https:\/\/www.vfl-fluorn-fussball.de\/wordpress\/wp-content\/uploads\/2023\/07\/Ergebnisse_ab_Achtelfinals.xlsx\">Ergebnisse_ab_Achtelfinals<\/a><\/p>\n<p><a href=\"https:\/\/www.vfl-fluorn-fussball.de\/wordpress\/wp-content\/uploads\/2023\/07\/Gruppenphase_Damen.xlsx\">Gruppenphase_Damen<\/a><\/p>\n<p><a href=\"https:\/\/www.vfl-fluorn-fussball.de\/wordpress\/wp-content\/uploads\/2023\/07\/Gruppenphase_Herren.xlsx\">Gruppenphase_Herren<\/a><\/p>\n","protected":false},"excerpt":{"rendered":"<p>VfL Fluorn richtet Elfmeterschie\u00dfen aus 42 Freizeitteams am Start \/ Spa\u00dffaktor stand im Vordergrund Fluorn-Winzeln. Eine Rekordbeteiligung verzeichnete der VfL Fluorn bei der inzwischen neunten Auflage seines so genannten William McCrum Elfmeterturniers auf dem Fluorner Sportgel\u00e4nde. 32 Teams bei den M\u00e4nnern und weitere zehn bei den Frauen versuchten sich als mehr oder weniger treffsichere Sch\u00fctzen vom Elfmeterpunkt. Dass das Ganze trotz attraktiver Preise, die es zu gewinnen gab, von den meisten Teilnehmern nicht so bierernst angesehen wurde, davon zeugten teils originelle und lustige Namen wie die Traumschwiegers\u00f6hne oder Arminia Bierfehlt bei den M\u00e4nnern wie auch Holy Aperoly oder FC Tratschbande bei den Frauen. Auch ein gewisses Lokalkolorit durfte nicht fehlen, [&hellip;]<\/p>\n","protected":false},"author":1,"featured_media":4467,"comment_status":"closed","ping_status":"open","sticky":false,"template":"","format":"standard","meta":{"footnotes":""},"categories":[1],"tags":[],"class_list":["post-4464","post","type-post","status-publish","format-standard","has-post-thumbnail","hentry","category-allgemein"],"yoast_head":"<!-- This site is optimized with the Yoast SEO plugin v27.5 - https:\/\/yoast.com\/product\/yoast-seo-wordpress\/ -->\n<title>Pressemitteilung zum IX. William McCrum Elfmeterturnier - VfL Fluorn Fu\u00dfball 1924 e.V.<\/title>\n<meta name=\"robots\" content=\"index, follow, max-snippet:-1, max-image-preview:large, max-video-preview:-1\" \/>\n<link rel=\"canonical\" href=\"https:\/\/www.vfl-fluorn-fussball.de\/wordpress\/pressemitteilung-zum-ix-william-mccrum-elfmeterturnier\/\" \/>\n<meta property=\"og:locale\" content=\"de_DE\" \/>\n<meta property=\"og:type\" content=\"article\" \/>\n<meta property=\"og:title\" content=\"Pressemitteilung zum IX. William McCrum Elfmeterturnier - VfL Fluorn Fu\u00dfball 1924 e.V.\" \/>\n<meta property=\"og:description\" content=\"VfL Fluorn richtet Elfmeterschie\u00dfen aus 42 Freizeitteams am Start \/ Spa\u00dffaktor stand im Vordergrund Fluorn-Winzeln. Eine Rekordbeteiligung verzeichnete der VfL Fluorn bei der inzwischen neunten Auflage seines so genannten William McCrum Elfmeterturniers auf dem Fluorner Sportgel\u00e4nde. 32 Teams bei den M\u00e4nnern und weitere zehn bei den Frauen versuchten sich als mehr oder weniger treffsichere Sch\u00fctzen vom Elfmeterpunkt. Dass das Ganze trotz attraktiver Preise, die es zu gewinnen gab, von den meisten Teilnehmern nicht so bierernst angesehen wurde, davon zeugten teils originelle und lustige Namen wie die Traumschwiegers\u00f6hne oder Arminia Bierfehlt bei den M\u00e4nnern wie auch Holy Aperoly oder FC Tratschbande bei den Frauen. Auch ein gewisses Lokalkolorit durfte nicht fehlen, [&hellip;]\" \/>\n<meta property=\"og:url\" content=\"https:\/\/www.vfl-fluorn-fussball.de\/wordpress\/pressemitteilung-zum-ix-william-mccrum-elfmeterturnier\/\" \/>\n<meta property=\"og:site_name\" content=\"VfL Fluorn Fu\u00dfball 1924 e.V.\" \/>\n<meta property=\"article:publisher\" content=\"https:\/\/de-de.facebook.com\/p\/Vfl-Fluorn-1924-eV-100036848576053\/\" \/>\n<meta property=\"article:published_time\" content=\"2023-07-03T12:00:31+00:00\" \/>\n<meta property=\"article:modified_time\" content=\"2023-07-03T12:40:21+00:00\" \/>\n<meta property=\"og:image\" content=\"https:\/\/www.vfl-fluorn-fussball.de\/wordpress\/wp-content\/uploads\/2023\/07\/DSC_0496-Zuschauer-scaled.jpg\" \/>\n\t<meta property=\"og:image:width\" content=\"2560\" \/>\n\t<meta property=\"og:image:height\" content=\"1696\" \/>\n\t<meta property=\"og:image:type\" content=\"image\/jpeg\" \/>\n<meta name=\"author\" content=\"ankaufma\" \/>\n<meta name=\"twitter:label1\" content=\"Verfasst von\" \/>\n\t<meta name=\"twitter:data1\" content=\"ankaufma\" \/>\n\t<meta name=\"twitter:label2\" content=\"Gesch\u00e4tzte Lesezeit\" \/>\n\t<meta name=\"twitter:data2\" content=\"3\u00a0Minuten\" \/>\n<script type=\"application\/ld+json\" class=\"yoast-schema-graph\">{\"@context\":\"https:\\\/\\\/schema.org\",\"@graph\":[{\"@type\":\"Article\",\"@id\":\"https:\\\/\\\/www.vfl-fluorn-fussball.de\\\/wordpress\\\/pressemitteilung-zum-ix-william-mccrum-elfmeterturnier\\\/#article\",\"isPartOf\":{\"@id\":\"https:\\\/\\\/www.vfl-fluorn-fussball.de\\\/wordpress\\\/pressemitteilung-zum-ix-william-mccrum-elfmeterturnier\\\/\"},\"author\":{\"name\":\"ankaufma\",\"@id\":\"https:\\\/\\\/www.vfl-fluorn-fussball.de\\\/wordpress\\\/#\\\/schema\\\/person\\\/3af506b0fa18f0ab2d3369072c2ff93c\"},\"headline\":\"Pressemitteilung zum IX. William McCrum Elfmeterturnier\",\"datePublished\":\"2023-07-03T12:00:31+00:00\",\"dateModified\":\"2023-07-03T12:40:21+00:00\",\"mainEntityOfPage\":{\"@id\":\"https:\\\/\\\/www.vfl-fluorn-fussball.de\\\/wordpress\\\/pressemitteilung-zum-ix-william-mccrum-elfmeterturnier\\\/\"},\"wordCount\":311,\"publisher\":{\"@id\":\"https:\\\/\\\/www.vfl-fluorn-fussball.de\\\/wordpress\\\/#organization\"},\"image\":{\"@id\":\"https:\\\/\\\/www.vfl-fluorn-fussball.de\\\/wordpress\\\/pressemitteilung-zum-ix-william-mccrum-elfmeterturnier\\\/#primaryimage\"},\"thumbnailUrl\":\"https:\\\/\\\/www.vfl-fluorn-fussball.de\\\/wordpress\\\/wp-content\\\/uploads\\\/2023\\\/07\\\/DSC_0496-Zuschauer-scaled.jpg\",\"inLanguage\":\"de\"},{\"@type\":\"WebPage\",\"@id\":\"https:\\\/\\\/www.vfl-fluorn-fussball.de\\\/wordpress\\\/pressemitteilung-zum-ix-william-mccrum-elfmeterturnier\\\/\",\"url\":\"https:\\\/\\\/www.vfl-fluorn-fussball.de\\\/wordpress\\\/pressemitteilung-zum-ix-william-mccrum-elfmeterturnier\\\/\",\"name\":\"Pressemitteilung zum IX. William McCrum Elfmeterturnier - VfL Fluorn Fu\u00dfball 1924 e.V.\",\"isPartOf\":{\"@id\":\"https:\\\/\\\/www.vfl-fluorn-fussball.de\\\/wordpress\\\/#website\"},\"primaryImageOfPage\":{\"@id\":\"https:\\\/\\\/www.vfl-fluorn-fussball.de\\\/wordpress\\\/pressemitteilung-zum-ix-william-mccrum-elfmeterturnier\\\/#primaryimage\"},\"image\":{\"@id\":\"https:\\\/\\\/www.vfl-fluorn-fussball.de\\\/wordpress\\\/pressemitteilung-zum-ix-william-mccrum-elfmeterturnier\\\/#primaryimage\"},\"thumbnailUrl\":\"https:\\\/\\\/www.vfl-fluorn-fussball.de\\\/wordpress\\\/wp-content\\\/uploads\\\/2023\\\/07\\\/DSC_0496-Zuschauer-scaled.jpg\",\"datePublished\":\"2023-07-03T12:00:31+00:00\",\"dateModified\":\"2023-07-03T12:40:21+00:00\",\"breadcrumb\":{\"@id\":\"https:\\\/\\\/www.vfl-fluorn-fussball.de\\\/wordpress\\\/pressemitteilung-zum-ix-william-mccrum-elfmeterturnier\\\/#breadcrumb\"},\"inLanguage\":\"de\",\"potentialAction\":[{\"@type\":\"ReadAction\",\"target\":[\"https:\\\/\\\/www.vfl-fluorn-fussball.de\\\/wordpress\\\/pressemitteilung-zum-ix-william-mccrum-elfmeterturnier\\\/\"]}]},{\"@type\":\"ImageObject\",\"inLanguage\":\"de\",\"@id\":\"https:\\\/\\\/www.vfl-fluorn-fussball.de\\\/wordpress\\\/pressemitteilung-zum-ix-william-mccrum-elfmeterturnier\\\/#primaryimage\",\"url\":\"https:\\\/\\\/www.vfl-fluorn-fussball.de\\\/wordpress\\\/wp-content\\\/uploads\\\/2023\\\/07\\\/DSC_0496-Zuschauer-scaled.jpg\",\"contentUrl\":\"https:\\\/\\\/www.vfl-fluorn-fussball.de\\\/wordpress\\\/wp-content\\\/uploads\\\/2023\\\/07\\\/DSC_0496-Zuschauer-scaled.jpg\",\"width\":2560,\"height\":1696},{\"@type\":\"BreadcrumbList\",\"@id\":\"https:\\\/\\\/www.vfl-fluorn-fussball.de\\\/wordpress\\\/pressemitteilung-zum-ix-william-mccrum-elfmeterturnier\\\/#breadcrumb\",\"itemListElement\":[{\"@type\":\"ListItem\",\"position\":1,\"name\":\"Home\",\"item\":\"https:\\\/\\\/www.vfl-fluorn-fussball.de\\\/wordpress\\\/\"},{\"@type\":\"ListItem\",\"position\":2,\"name\":\"Pressemitteilung zum IX. William McCrum Elfmeterturnier\"}]},{\"@type\":\"WebSite\",\"@id\":\"https:\\\/\\\/www.vfl-fluorn-fussball.de\\\/wordpress\\\/#website\",\"url\":\"https:\\\/\\\/www.vfl-fluorn-fussball.de\\\/wordpress\\\/\",\"name\":\"VfL Fluorn Fu\u00dfball 1924 e.V.\",\"description\":\"Mein Freund ist aus Leder\",\"publisher\":{\"@id\":\"https:\\\/\\\/www.vfl-fluorn-fussball.de\\\/wordpress\\\/#organization\"},\"potentialAction\":[{\"@type\":\"SearchAction\",\"target\":{\"@type\":\"EntryPoint\",\"urlTemplate\":\"https:\\\/\\\/www.vfl-fluorn-fussball.de\\\/wordpress\\\/?s={search_term_string}\"},\"query-input\":{\"@type\":\"PropertyValueSpecification\",\"valueRequired\":true,\"valueName\":\"search_term_string\"}}],\"inLanguage\":\"de\"},{\"@type\":\"Organization\",\"@id\":\"https:\\\/\\\/www.vfl-fluorn-fussball.de\\\/wordpress\\\/#organization\",\"name\":\"VfL Fluorn Fu\u00dfball 1924 e.V.\",\"url\":\"https:\\\/\\\/www.vfl-fluorn-fussball.de\\\/wordpress\\\/\",\"logo\":{\"@type\":\"ImageObject\",\"inLanguage\":\"de\",\"@id\":\"https:\\\/\\\/www.vfl-fluorn-fussball.de\\\/wordpress\\\/#\\\/schema\\\/logo\\\/image\\\/\",\"url\":\"https:\\\/\\\/www.vfl-fluorn-fussball.de\\\/wordpress\\\/wp-content\\\/uploads\\\/2023\\\/12\\\/VfLLogoOhneHintergrund.png\",\"contentUrl\":\"https:\\\/\\\/www.vfl-fluorn-fussball.de\\\/wordpress\\\/wp-content\\\/uploads\\\/2023\\\/12\\\/VfLLogoOhneHintergrund.png\",\"width\":963,\"height\":963,\"caption\":\"VfL Fluorn Fu\u00dfball 1924 e.V.\"},\"image\":{\"@id\":\"https:\\\/\\\/www.vfl-fluorn-fussball.de\\\/wordpress\\\/#\\\/schema\\\/logo\\\/image\\\/\"},\"sameAs\":[\"https:\\\/\\\/de-de.facebook.com\\\/p\\\/Vfl-Fluorn-1924-eV-100036848576053\\\/\"]},{\"@type\":\"Person\",\"@id\":\"https:\\\/\\\/www.vfl-fluorn-fussball.de\\\/wordpress\\\/#\\\/schema\\\/person\\\/3af506b0fa18f0ab2d3369072c2ff93c\",\"name\":\"ankaufma\",\"image\":{\"@type\":\"ImageObject\",\"inLanguage\":\"de\",\"@id\":\"https:\\\/\\\/secure.gravatar.com\\\/avatar\\\/94b25ff5a2ca5bbb66c0f23cf4a2b2599aef9c8365f849d3270fd622c2a0ac17?s=96&d=mm&r=g\",\"url\":\"https:\\\/\\\/secure.gravatar.com\\\/avatar\\\/94b25ff5a2ca5bbb66c0f23cf4a2b2599aef9c8365f849d3270fd622c2a0ac17?s=96&d=mm&r=g\",\"contentUrl\":\"https:\\\/\\\/secure.gravatar.com\\\/avatar\\\/94b25ff5a2ca5bbb66c0f23cf4a2b2599aef9c8365f849d3270fd622c2a0ac17?s=96&d=mm&r=g\",\"caption\":\"ankaufma\"},\"url\":\"https:\\\/\\\/www.vfl-fluorn-fussball.de\\\/wordpress\\\/author\\\/ankaufma\\\/\"}]}<\/script>\n<!-- \/ Yoast SEO plugin. -->","yoast_head_json":{"title":"Pressemitteilung zum IX. William McCrum Elfmeterturnier - VfL Fluorn Fu\u00dfball 1924 e.V.","robots":{"index":"index","follow":"follow","max-snippet":"max-snippet:-1","max-image-preview":"max-image-preview:large","max-video-preview":"max-video-preview:-1"},"canonical":"https:\/\/www.vfl-fluorn-fussball.de\/wordpress\/pressemitteilung-zum-ix-william-mccrum-elfmeterturnier\/","og_locale":"de_DE","og_type":"article","og_title":"Pressemitteilung zum IX. William McCrum Elfmeterturnier - VfL Fluorn Fu\u00dfball 1924 e.V.","og_description":"VfL Fluorn richtet Elfmeterschie\u00dfen aus 42 Freizeitteams am Start \/ Spa\u00dffaktor stand im Vordergrund Fluorn-Winzeln. Eine Rekordbeteiligung verzeichnete der VfL Fluorn bei der inzwischen neunten Auflage seines so genannten William McCrum Elfmeterturniers auf dem Fluorner Sportgel\u00e4nde. 32 Teams bei den M\u00e4nnern und weitere zehn bei den Frauen versuchten sich als mehr oder weniger treffsichere Sch\u00fctzen vom Elfmeterpunkt. Dass das Ganze trotz attraktiver Preise, die es zu gewinnen gab, von den meisten Teilnehmern nicht so bierernst angesehen wurde, davon zeugten teils originelle und lustige Namen wie die Traumschwiegers\u00f6hne oder Arminia Bierfehlt bei den M\u00e4nnern wie auch Holy Aperoly oder FC Tratschbande bei den Frauen. Auch ein gewisses Lokalkolorit durfte nicht fehlen, [&hellip;]","og_url":"https:\/\/www.vfl-fluorn-fussball.de\/wordpress\/pressemitteilung-zum-ix-william-mccrum-elfmeterturnier\/","og_site_name":"VfL Fluorn Fu\u00dfball 1924 e.V.","article_publisher":"https:\/\/de-de.facebook.com\/p\/Vfl-Fluorn-1924-eV-100036848576053\/","article_published_time":"2023-07-03T12:00:31+00:00","article_modified_time":"2023-07-03T12:40:21+00:00","og_image":[{"width":2560,"height":1696,"url":"https:\/\/www.vfl-fluorn-fussball.de\/wordpress\/wp-content\/uploads\/2023\/07\/DSC_0496-Zuschauer-scaled.jpg","type":"image\/jpeg"}],"author":"ankaufma","twitter_misc":{"Verfasst von":"ankaufma","Gesch\u00e4tzte Lesezeit":"3\u00a0Minuten"},"schema":{"@context":"https:\/\/schema.org","@graph":[{"@type":"Article","@id":"https:\/\/www.vfl-fluorn-fussball.de\/wordpress\/pressemitteilung-zum-ix-william-mccrum-elfmeterturnier\/#article","isPartOf":{"@id":"https:\/\/www.vfl-fluorn-fussball.de\/wordpress\/pressemitteilung-zum-ix-william-mccrum-elfmeterturnier\/"},"author":{"name":"ankaufma","@id":"https:\/\/www.vfl-fluorn-fussball.de\/wordpress\/#\/schema\/person\/3af506b0fa18f0ab2d3369072c2ff93c"},"headline":"Pressemitteilung zum IX. William McCrum Elfmeterturnier","datePublished":"2023-07-03T12:00:31+00:00","dateModified":"2023-07-03T12:40:21+00:00","mainEntityOfPage":{"@id":"https:\/\/www.vfl-fluorn-fussball.de\/wordpress\/pressemitteilung-zum-ix-william-mccrum-elfmeterturnier\/"},"wordCount":311,"publisher":{"@id":"https:\/\/www.vfl-fluorn-fussball.de\/wordpress\/#organization"},"image":{"@id":"https:\/\/www.vfl-fluorn-fussball.de\/wordpress\/pressemitteilung-zum-ix-william-mccrum-elfmeterturnier\/#primaryimage"},"thumbnailUrl":"https:\/\/www.vfl-fluorn-fussball.de\/wordpress\/wp-content\/uploads\/2023\/07\/DSC_0496-Zuschauer-scaled.jpg","inLanguage":"de"},{"@type":"WebPage","@id":"https:\/\/www.vfl-fluorn-fussball.de\/wordpress\/pressemitteilung-zum-ix-william-mccrum-elfmeterturnier\/","url":"https:\/\/www.vfl-fluorn-fussball.de\/wordpress\/pressemitteilung-zum-ix-william-mccrum-elfmeterturnier\/","name":"Pressemitteilung zum IX. William McCrum Elfmeterturnier - VfL Fluorn Fu\u00dfball 1924 e.V.","isPartOf":{"@id":"https:\/\/www.vfl-fluorn-fussball.de\/wordpress\/#website"},"primaryImageOfPage":{"@id":"https:\/\/www.vfl-fluorn-fussball.de\/wordpress\/pressemitteilung-zum-ix-william-mccrum-elfmeterturnier\/#primaryimage"},"image":{"@id":"https:\/\/www.vfl-fluorn-fussball.de\/wordpress\/pressemitteilung-zum-ix-william-mccrum-elfmeterturnier\/#primaryimage"},"thumbnailUrl":"https:\/\/www.vfl-fluorn-fussball.de\/wordpress\/wp-content\/uploads\/2023\/07\/DSC_0496-Zuschauer-scaled.jpg","datePublished":"2023-07-03T12:00:31+00:00","dateModified":"2023-07-03T12:40:21+00:00","breadcrumb":{"@id":"https:\/\/www.vfl-fluorn-fussball.de\/wordpress\/pressemitteilung-zum-ix-william-mccrum-elfmeterturnier\/#breadcrumb"},"inLanguage":"de","potentialAction":[{"@type":"ReadAction","target":["https:\/\/www.vfl-fluorn-fussball.de\/wordpress\/pressemitteilung-zum-ix-william-mccrum-elfmeterturnier\/"]}]},{"@type":"ImageObject","inLanguage":"de","@id":"https:\/\/www.vfl-fluorn-fussball.de\/wordpress\/pressemitteilung-zum-ix-william-mccrum-elfmeterturnier\/#primaryimage","url":"https:\/\/www.vfl-fluorn-fussball.de\/wordpress\/wp-content\/uploads\/2023\/07\/DSC_0496-Zuschauer-scaled.jpg","contentUrl":"https:\/\/www.vfl-fluorn-fussball.de\/wordpress\/wp-content\/uploads\/2023\/07\/DSC_0496-Zuschauer-scaled.jpg","width":2560,"height":1696},{"@type":"BreadcrumbList","@id":"https:\/\/www.vfl-fluorn-fussball.de\/wordpress\/pressemitteilung-zum-ix-william-mccrum-elfmeterturnier\/#breadcrumb","itemListElement":[{"@type":"ListItem","position":1,"name":"Home","item":"https:\/\/www.vfl-fluorn-fussball.de\/wordpress\/"},{"@type":"ListItem","position":2,"name":"Pressemitteilung zum IX. William McCrum Elfmeterturnier"}]},{"@type":"WebSite","@id":"https:\/\/www.vfl-fluorn-fussball.de\/wordpress\/#website","url":"https:\/\/www.vfl-fluorn-fussball.de\/wordpress\/","name":"VfL Fluorn Fu\u00dfball 1924 e.V.","description":"Mein Freund ist aus Leder","publisher":{"@id":"https:\/\/www.vfl-fluorn-fussball.de\/wordpress\/#organization"},"potentialAction":[{"@type":"SearchAction","target":{"@type":"EntryPoint","urlTemplate":"https:\/\/www.vfl-fluorn-fussball.de\/wordpress\/?s={search_term_string}"},"query-input":{"@type":"PropertyValueSpecification","valueRequired":true,"valueName":"search_term_string"}}],"inLanguage":"de"},{"@type":"Organization","@id":"https:\/\/www.vfl-fluorn-fussball.de\/wordpress\/#organization","name":"VfL Fluorn Fu\u00dfball 1924 e.V.","url":"https:\/\/www.vfl-fluorn-fussball.de\/wordpress\/","logo":{"@type":"ImageObject","inLanguage":"de","@id":"https:\/\/www.vfl-fluorn-fussball.de\/wordpress\/#\/schema\/logo\/image\/","url":"https:\/\/www.vfl-fluorn-fussball.de\/wordpress\/wp-content\/uploads\/2023\/12\/VfLLogoOhneHintergrund.png","contentUrl":"https:\/\/www.vfl-fluorn-fussball.de\/wordpress\/wp-content\/uploads\/2023\/12\/VfLLogoOhneHintergrund.png","width":963,"height":963,"caption":"VfL Fluorn Fu\u00dfball 1924 e.V."},"image":{"@id":"https:\/\/www.vfl-fluorn-fussball.de\/wordpress\/#\/schema\/logo\/image\/"},"sameAs":["https:\/\/de-de.facebook.com\/p\/Vfl-Fluorn-1924-eV-100036848576053\/"]},{"@type":"Person","@id":"https:\/\/www.vfl-fluorn-fussball.de\/wordpress\/#\/schema\/person\/3af506b0fa18f0ab2d3369072c2ff93c","name":"ankaufma","image":{"@type":"ImageObject","inLanguage":"de","@id":"https:\/\/secure.gravatar.com\/avatar\/94b25ff5a2ca5bbb66c0f23cf4a2b2599aef9c8365f849d3270fd622c2a0ac17?s=96&d=mm&r=g","url":"https:\/\/secure.gravatar.com\/avatar\/94b25ff5a2ca5bbb66c0f23cf4a2b2599aef9c8365f849d3270fd622c2a0ac17?s=96&d=mm&r=g","contentUrl":"https:\/\/secure.gravatar.com\/avatar\/94b25ff5a2ca5bbb66c0f23cf4a2b2599aef9c8365f849d3270fd622c2a0ac17?s=96&d=mm&r=g","caption":"ankaufma"},"url":"https:\/\/www.vfl-fluorn-fussball.de\/wordpress\/author\/ankaufma\/"}]}},"_links":{"self":[{"href":"https:\/\/www.vfl-fluorn-fussball.de\/wordpress\/wp-json\/wp\/v2\/posts\/4464","targetHints":{"allow":["GET"]}}],"collection":[{"href":"https:\/\/www.vfl-fluorn-fussball.de\/wordpress\/wp-json\/wp\/v2\/posts"}],"about":[{"href":"https:\/\/www.vfl-fluorn-fussball.de\/wordpress\/wp-json\/wp\/v2\/types\/post"}],"author":[{"embeddable":true,"href":"https:\/\/www.vfl-fluorn-fussball.de\/wordpress\/wp-json\/wp\/v2\/users\/1"}],"replies":[{"embeddable":true,"href":"https:\/\/www.vfl-fluorn-fussball.de\/wordpress\/wp-json\/wp\/v2\/comments?post=4464"}],"version-history":[{"count":7,"href":"https:\/\/www.vfl-fluorn-fussball.de\/wordpress\/wp-json\/wp\/v2\/posts\/4464\/revisions"}],"predecessor-version":[{"id":4477,"href":"https:\/\/www.vfl-fluorn-fussball.de\/wordpress\/wp-json\/wp\/v2\/posts\/4464\/revisions\/4477"}],"wp:featuredmedia":[{"embeddable":true,"href":"https:\/\/www.vfl-fluorn-fussball.de\/wordpress\/wp-json\/wp\/v2\/media\/4467"}],"wp:attachment":[{"href":"https:\/\/www.vfl-fluorn-fussball.de\/wordpress\/wp-json\/wp\/v2\/media?parent=4464"}],"wp:term":[{"taxonomy":"category","embeddable":true,"href":"https:\/\/www.vfl-fluorn-fussball.de\/wordpress\/wp-json\/wp\/v2\/categories?post=4464"},{"taxonomy":"post_tag","embeddable":true,"href":"https:\/\/www.vfl-fluorn-fussball.de\/wordpress\/wp-json\/wp\/v2\/tags?post=4464"}],"curies":[{"name":"wp","href":"https:\/\/api.w.org\/{rel}","templated":true}]}}