{"id":4517,"date":"2023-09-12T07:26:20","date_gmt":"2023-09-12T05:26:20","guid":{"rendered":"https:\/\/www.vfl-fluorn-fussball.de\/wordpress\/?p=4517"},"modified":"2023-09-12T07:26:20","modified_gmt":"2023-09-12T05:26:20","slug":"jubilaeums-polo-shirts-koennen-bestellt-werden","status":"publish","type":"post","link":"https:\/\/www.vfl-fluorn-fussball.de\/wordpress\/jubilaeums-polo-shirts-koennen-bestellt-werden\/","title":{"rendered":"Jubil\u00e4ums-Polo-Shirts k\u00f6nnen bestellt werden"},"content":{"rendered":"<p>Vereinsmitglieder haben ab sofort die M\u00f6glichkeit die neuen, dunkelblauen Polo-Shirts anl\u00e4sslich des 100 j\u00e4hrigen Jubil\u00e4ums im n\u00e4chsten Jahr, w\u00e4hrend der Sportheim\u00f6ffnungszeiten anzuprobieren und zu bestellen!<br \/>\n<a href=\"https:\/\/www.vfl-fluorn-fussball.de\/wordpress\/wp-content\/uploads\/2023\/09\/20230911_215113-scaled.jpg\"><img loading=\"lazy\" decoding=\"async\" src=\"https:\/\/www.vfl-fluorn-fussball.de\/wordpress\/wp-content\/uploads\/2023\/09\/20230911_215113-225x300.jpg\" alt=\"\" width=\"225\" height=\"300\" class=\"alignnone size-medium wp-image-4518\" srcset=\"https:\/\/www.vfl-fluorn-fussball.de\/wordpress\/wp-content\/uploads\/2023\/09\/20230911_215113-225x300.jpg 225w, https:\/\/www.vfl-fluorn-fussball.de\/wordpress\/wp-content\/uploads\/2023\/09\/20230911_215113-768x1024.jpg 768w, https:\/\/www.vfl-fluorn-fussball.de\/wordpress\/wp-content\/uploads\/2023\/09\/20230911_215113-1152x1536.jpg 1152w, https:\/\/www.vfl-fluorn-fussball.de\/wordpress\/wp-content\/uploads\/2023\/09\/20230911_215113-1536x2048.jpg 1536w, https:\/\/www.vfl-fluorn-fussball.de\/wordpress\/wp-content\/uploads\/2023\/09\/20230911_215113-750x1000.jpg 750w, https:\/\/www.vfl-fluorn-fussball.de\/wordpress\/wp-content\/uploads\/2023\/09\/20230911_215113-400x533.jpg 400w, https:\/\/www.vfl-fluorn-fussball.de\/wordpress\/wp-content\/uploads\/2023\/09\/20230911_215113-430x573.jpg 430w, https:\/\/www.vfl-fluorn-fussball.de\/wordpress\/wp-content\/uploads\/2023\/09\/20230911_215113-150x200.jpg 150w, https:\/\/www.vfl-fluorn-fussball.de\/wordpress\/wp-content\/uploads\/2023\/09\/20230911_215113-100x133.jpg 100w, https:\/\/www.vfl-fluorn-fussball.de\/wordpress\/wp-content\/uploads\/2023\/09\/20230911_215113-scaled.jpg 1920w\" sizes=\"auto, (max-width: 225px) 100vw, 225px\" \/><\/a><\/p>\n","protected":false},"excerpt":{"rendered":"<p>Vereinsmitglieder haben ab sofort die M\u00f6glichkeit die neuen, dunkelblauen Polo-Shirts anl\u00e4sslich des 100 j\u00e4hrigen Jubil\u00e4ums im n\u00e4chsten Jahr, w\u00e4hrend der Sportheim\u00f6ffnungszeiten anzuprobieren und zu bestellen!<\/p>\n","protected":false},"author":1,"featured_media":4518,"comment_status":"closed","ping_status":"open","sticky":false,"template":"","format":"standard","meta":{"footnotes":""},"categories":[1],"tags":[],"class_list":["post-4517","post","type-post","status-publish","format-standard","has-post-thumbnail","hentry","category-allgemein"],"yoast_head":"<!-- This site is optimized with the Yoast SEO plugin v27.5 - https:\/\/yoast.com\/product\/yoast-seo-wordpress\/ -->\n<title>Jubil\u00e4ums-Polo-Shirts k\u00f6nnen bestellt werden - VfL Fluorn Fu\u00dfball 1924 e.V.<\/title>\n<meta name=\"robots\" content=\"index, follow, max-snippet:-1, max-image-preview:large, max-video-preview:-1\" \/>\n<link rel=\"canonical\" href=\"https:\/\/www.vfl-fluorn-fussball.de\/wordpress\/jubilaeums-polo-shirts-koennen-bestellt-werden\/\" \/>\n<meta property=\"og:locale\" content=\"de_DE\" \/>\n<meta property=\"og:type\" content=\"article\" \/>\n<meta property=\"og:title\" content=\"Jubil\u00e4ums-Polo-Shirts k\u00f6nnen bestellt werden - VfL Fluorn Fu\u00dfball 1924 e.V.\" \/>\n<meta property=\"og:description\" content=\"Vereinsmitglieder haben ab sofort die M\u00f6glichkeit die neuen, dunkelblauen Polo-Shirts anl\u00e4sslich des 100 j\u00e4hrigen Jubil\u00e4ums im n\u00e4chsten Jahr, w\u00e4hrend der Sportheim\u00f6ffnungszeiten anzuprobieren und zu bestellen!\" \/>\n<meta property=\"og:url\" content=\"https:\/\/www.vfl-fluorn-fussball.de\/wordpress\/jubilaeums-polo-shirts-koennen-bestellt-werden\/\" \/>\n<meta property=\"og:site_name\" content=\"VfL Fluorn Fu\u00dfball 1924 e.V.\" \/>\n<meta property=\"article:publisher\" content=\"https:\/\/de-de.facebook.com\/p\/Vfl-Fluorn-1924-eV-100036848576053\/\" \/>\n<meta property=\"article:published_time\" content=\"2023-09-12T05:26:20+00:00\" \/>\n<meta property=\"og:image\" content=\"https:\/\/www.vfl-fluorn-fussball.de\/wordpress\/wp-content\/uploads\/2023\/09\/20230911_215113-scaled.jpg\" \/>\n\t<meta property=\"og:image:width\" content=\"1920\" \/>\n\t<meta property=\"og:image:height\" content=\"2560\" \/>\n\t<meta property=\"og:image:type\" content=\"image\/jpeg\" \/>\n<meta name=\"author\" content=\"ankaufma\" \/>\n<meta name=\"twitter:label1\" content=\"Verfasst von\" \/>\n\t<meta name=\"twitter:data1\" content=\"ankaufma\" \/>\n<script type=\"application\/ld+json\" class=\"yoast-schema-graph\">{\"@context\":\"https:\\\/\\\/schema.org\",\"@graph\":[{\"@type\":\"Article\",\"@id\":\"https:\\\/\\\/www.vfl-fluorn-fussball.de\\\/wordpress\\\/jubilaeums-polo-shirts-koennen-bestellt-werden\\\/#article\",\"isPartOf\":{\"@id\":\"https:\\\/\\\/www.vfl-fluorn-fussball.de\\\/wordpress\\\/jubilaeums-polo-shirts-koennen-bestellt-werden\\\/\"},\"author\":{\"name\":\"ankaufma\",\"@id\":\"https:\\\/\\\/www.vfl-fluorn-fussball.de\\\/wordpress\\\/#\\\/schema\\\/person\\\/3af506b0fa18f0ab2d3369072c2ff93c\"},\"headline\":\"Jubil\u00e4ums-Polo-Shirts k\u00f6nnen bestellt werden\",\"datePublished\":\"2023-09-12T05:26:20+00:00\",\"mainEntityOfPage\":{\"@id\":\"https:\\\/\\\/www.vfl-fluorn-fussball.de\\\/wordpress\\\/jubilaeums-polo-shirts-koennen-bestellt-werden\\\/\"},\"wordCount\":37,\"publisher\":{\"@id\":\"https:\\\/\\\/www.vfl-fluorn-fussball.de\\\/wordpress\\\/#organization\"},\"image\":{\"@id\":\"https:\\\/\\\/www.vfl-fluorn-fussball.de\\\/wordpress\\\/jubilaeums-polo-shirts-koennen-bestellt-werden\\\/#primaryimage\"},\"thumbnailUrl\":\"https:\\\/\\\/www.vfl-fluorn-fussball.de\\\/wordpress\\\/wp-content\\\/uploads\\\/2023\\\/09\\\/20230911_215113-scaled.jpg\",\"inLanguage\":\"de\"},{\"@type\":\"WebPage\",\"@id\":\"https:\\\/\\\/www.vfl-fluorn-fussball.de\\\/wordpress\\\/jubilaeums-polo-shirts-koennen-bestellt-werden\\\/\",\"url\":\"https:\\\/\\\/www.vfl-fluorn-fussball.de\\\/wordpress\\\/jubilaeums-polo-shirts-koennen-bestellt-werden\\\/\",\"name\":\"Jubil\u00e4ums-Polo-Shirts k\u00f6nnen bestellt werden - VfL Fluorn Fu\u00dfball 1924 e.V.\",\"isPartOf\":{\"@id\":\"https:\\\/\\\/www.vfl-fluorn-fussball.de\\\/wordpress\\\/#website\"},\"primaryImageOfPage\":{\"@id\":\"https:\\\/\\\/www.vfl-fluorn-fussball.de\\\/wordpress\\\/jubilaeums-polo-shirts-koennen-bestellt-werden\\\/#primaryimage\"},\"image\":{\"@id\":\"https:\\\/\\\/www.vfl-fluorn-fussball.de\\\/wordpress\\\/jubilaeums-polo-shirts-koennen-bestellt-werden\\\/#primaryimage\"},\"thumbnailUrl\":\"https:\\\/\\\/www.vfl-fluorn-fussball.de\\\/wordpress\\\/wp-content\\\/uploads\\\/2023\\\/09\\\/20230911_215113-scaled.jpg\",\"datePublished\":\"2023-09-12T05:26:20+00:00\",\"breadcrumb\":{\"@id\":\"https:\\\/\\\/www.vfl-fluorn-fussball.de\\\/wordpress\\\/jubilaeums-polo-shirts-koennen-bestellt-werden\\\/#breadcrumb\"},\"inLanguage\":\"de\",\"potentialAction\":[{\"@type\":\"ReadAction\",\"target\":[\"https:\\\/\\\/www.vfl-fluorn-fussball.de\\\/wordpress\\\/jubilaeums-polo-shirts-koennen-bestellt-werden\\\/\"]}]},{\"@type\":\"ImageObject\",\"inLanguage\":\"de\",\"@id\":\"https:\\\/\\\/www.vfl-fluorn-fussball.de\\\/wordpress\\\/jubilaeums-polo-shirts-koennen-bestellt-werden\\\/#primaryimage\",\"url\":\"https:\\\/\\\/www.vfl-fluorn-fussball.de\\\/wordpress\\\/wp-content\\\/uploads\\\/2023\\\/09\\\/20230911_215113-scaled.jpg\",\"contentUrl\":\"https:\\\/\\\/www.vfl-fluorn-fussball.de\\\/wordpress\\\/wp-content\\\/uploads\\\/2023\\\/09\\\/20230911_215113-scaled.jpg\",\"width\":1920,\"height\":2560},{\"@type\":\"BreadcrumbList\",\"@id\":\"https:\\\/\\\/www.vfl-fluorn-fussball.de\\\/wordpress\\\/jubilaeums-polo-shirts-koennen-bestellt-werden\\\/#breadcrumb\",\"itemListElement\":[{\"@type\":\"ListItem\",\"position\":1,\"name\":\"Home\",\"item\":\"https:\\\/\\\/www.vfl-fluorn-fussball.de\\\/wordpress\\\/\"},{\"@type\":\"ListItem\",\"position\":2,\"name\":\"Jubil\u00e4ums-Polo-Shirts k\u00f6nnen bestellt werden\"}]},{\"@type\":\"WebSite\",\"@id\":\"https:\\\/\\\/www.vfl-fluorn-fussball.de\\\/wordpress\\\/#website\",\"url\":\"https:\\\/\\\/www.vfl-fluorn-fussball.de\\\/wordpress\\\/\",\"name\":\"VfL Fluorn Fu\u00dfball 1924 e.V.\",\"description\":\"Mein Freund ist aus Leder\",\"publisher\":{\"@id\":\"https:\\\/\\\/www.vfl-fluorn-fussball.de\\\/wordpress\\\/#organization\"},\"potentialAction\":[{\"@type\":\"SearchAction\",\"target\":{\"@type\":\"EntryPoint\",\"urlTemplate\":\"https:\\\/\\\/www.vfl-fluorn-fussball.de\\\/wordpress\\\/?s={search_term_string}\"},\"query-input\":{\"@type\":\"PropertyValueSpecification\",\"valueRequired\":true,\"valueName\":\"search_term_string\"}}],\"inLanguage\":\"de\"},{\"@type\":\"Organization\",\"@id\":\"https:\\\/\\\/www.vfl-fluorn-fussball.de\\\/wordpress\\\/#organization\",\"name\":\"VfL Fluorn Fu\u00dfball 1924 e.V.\",\"url\":\"https:\\\/\\\/www.vfl-fluorn-fussball.de\\\/wordpress\\\/\",\"logo\":{\"@type\":\"ImageObject\",\"inLanguage\":\"de\",\"@id\":\"https:\\\/\\\/www.vfl-fluorn-fussball.de\\\/wordpress\\\/#\\\/schema\\\/logo\\\/image\\\/\",\"url\":\"https:\\\/\\\/www.vfl-fluorn-fussball.de\\\/wordpress\\\/wp-content\\\/uploads\\\/2023\\\/12\\\/VfLLogoOhneHintergrund.png\",\"contentUrl\":\"https:\\\/\\\/www.vfl-fluorn-fussball.de\\\/wordpress\\\/wp-content\\\/uploads\\\/2023\\\/12\\\/VfLLogoOhneHintergrund.png\",\"width\":963,\"height\":963,\"caption\":\"VfL Fluorn Fu\u00dfball 1924 e.V.\"},\"image\":{\"@id\":\"https:\\\/\\\/www.vfl-fluorn-fussball.de\\\/wordpress\\\/#\\\/schema\\\/logo\\\/image\\\/\"},\"sameAs\":[\"https:\\\/\\\/de-de.facebook.com\\\/p\\\/Vfl-Fluorn-1924-eV-100036848576053\\\/\"]},{\"@type\":\"Person\",\"@id\":\"https:\\\/\\\/www.vfl-fluorn-fussball.de\\\/wordpress\\\/#\\\/schema\\\/person\\\/3af506b0fa18f0ab2d3369072c2ff93c\",\"name\":\"ankaufma\",\"image\":{\"@type\":\"ImageObject\",\"inLanguage\":\"de\",\"@id\":\"https:\\\/\\\/secure.gravatar.com\\\/avatar\\\/94b25ff5a2ca5bbb66c0f23cf4a2b2599aef9c8365f849d3270fd622c2a0ac17?s=96&d=mm&r=g\",\"url\":\"https:\\\/\\\/secure.gravatar.com\\\/avatar\\\/94b25ff5a2ca5bbb66c0f23cf4a2b2599aef9c8365f849d3270fd622c2a0ac17?s=96&d=mm&r=g\",\"contentUrl\":\"https:\\\/\\\/secure.gravatar.com\\\/avatar\\\/94b25ff5a2ca5bbb66c0f23cf4a2b2599aef9c8365f849d3270fd622c2a0ac17?s=96&d=mm&r=g\",\"caption\":\"ankaufma\"},\"url\":\"https:\\\/\\\/www.vfl-fluorn-fussball.de\\\/wordpress\\\/author\\\/ankaufma\\\/\"}]}<\/script>\n<!-- \/ Yoast SEO plugin. -->","yoast_head_json":{"title":"Jubil\u00e4ums-Polo-Shirts k\u00f6nnen bestellt werden - VfL Fluorn Fu\u00dfball 1924 e.V.","robots":{"index":"index","follow":"follow","max-snippet":"max-snippet:-1","max-image-preview":"max-image-preview:large","max-video-preview":"max-video-preview:-1"},"canonical":"https:\/\/www.vfl-fluorn-fussball.de\/wordpress\/jubilaeums-polo-shirts-koennen-bestellt-werden\/","og_locale":"de_DE","og_type":"article","og_title":"Jubil\u00e4ums-Polo-Shirts k\u00f6nnen bestellt werden - VfL Fluorn Fu\u00dfball 1924 e.V.","og_description":"Vereinsmitglieder haben ab sofort die M\u00f6glichkeit die neuen, dunkelblauen Polo-Shirts anl\u00e4sslich des 100 j\u00e4hrigen Jubil\u00e4ums im n\u00e4chsten Jahr, w\u00e4hrend der Sportheim\u00f6ffnungszeiten anzuprobieren und zu bestellen!","og_url":"https:\/\/www.vfl-fluorn-fussball.de\/wordpress\/jubilaeums-polo-shirts-koennen-bestellt-werden\/","og_site_name":"VfL Fluorn Fu\u00dfball 1924 e.V.","article_publisher":"https:\/\/de-de.facebook.com\/p\/Vfl-Fluorn-1924-eV-100036848576053\/","article_published_time":"2023-09-12T05:26:20+00:00","og_image":[{"width":1920,"height":2560,"url":"https:\/\/www.vfl-fluorn-fussball.de\/wordpress\/wp-content\/uploads\/2023\/09\/20230911_215113-scaled.jpg","type":"image\/jpeg"}],"author":"ankaufma","twitter_misc":{"Verfasst von":"ankaufma"},"schema":{"@context":"https:\/\/schema.org","@graph":[{"@type":"Article","@id":"https:\/\/www.vfl-fluorn-fussball.de\/wordpress\/jubilaeums-polo-shirts-koennen-bestellt-werden\/#article","isPartOf":{"@id":"https:\/\/www.vfl-fluorn-fussball.de\/wordpress\/jubilaeums-polo-shirts-koennen-bestellt-werden\/"},"author":{"name":"ankaufma","@id":"https:\/\/www.vfl-fluorn-fussball.de\/wordpress\/#\/schema\/person\/3af506b0fa18f0ab2d3369072c2ff93c"},"headline":"Jubil\u00e4ums-Polo-Shirts k\u00f6nnen bestellt werden","datePublished":"2023-09-12T05:26:20+00:00","mainEntityOfPage":{"@id":"https:\/\/www.vfl-fluorn-fussball.de\/wordpress\/jubilaeums-polo-shirts-koennen-bestellt-werden\/"},"wordCount":37,"publisher":{"@id":"https:\/\/www.vfl-fluorn-fussball.de\/wordpress\/#organization"},"image":{"@id":"https:\/\/www.vfl-fluorn-fussball.de\/wordpress\/jubilaeums-polo-shirts-koennen-bestellt-werden\/#primaryimage"},"thumbnailUrl":"https:\/\/www.vfl-fluorn-fussball.de\/wordpress\/wp-content\/uploads\/2023\/09\/20230911_215113-scaled.jpg","inLanguage":"de"},{"@type":"WebPage","@id":"https:\/\/www.vfl-fluorn-fussball.de\/wordpress\/jubilaeums-polo-shirts-koennen-bestellt-werden\/","url":"https:\/\/www.vfl-fluorn-fussball.de\/wordpress\/jubilaeums-polo-shirts-koennen-bestellt-werden\/","name":"Jubil\u00e4ums-Polo-Shirts k\u00f6nnen bestellt werden - VfL Fluorn Fu\u00dfball 1924 e.V.","isPartOf":{"@id":"https:\/\/www.vfl-fluorn-fussball.de\/wordpress\/#website"},"primaryImageOfPage":{"@id":"https:\/\/www.vfl-fluorn-fussball.de\/wordpress\/jubilaeums-polo-shirts-koennen-bestellt-werden\/#primaryimage"},"image":{"@id":"https:\/\/www.vfl-fluorn-fussball.de\/wordpress\/jubilaeums-polo-shirts-koennen-bestellt-werden\/#primaryimage"},"thumbnailUrl":"https:\/\/www.vfl-fluorn-fussball.de\/wordpress\/wp-content\/uploads\/2023\/09\/20230911_215113-scaled.jpg","datePublished":"2023-09-12T05:26:20+00:00","breadcrumb":{"@id":"https:\/\/www.vfl-fluorn-fussball.de\/wordpress\/jubilaeums-polo-shirts-koennen-bestellt-werden\/#breadcrumb"},"inLanguage":"de","potentialAction":[{"@type":"ReadAction","target":["https:\/\/www.vfl-fluorn-fussball.de\/wordpress\/jubilaeums-polo-shirts-koennen-bestellt-werden\/"]}]},{"@type":"ImageObject","inLanguage":"de","@id":"https:\/\/www.vfl-fluorn-fussball.de\/wordpress\/jubilaeums-polo-shirts-koennen-bestellt-werden\/#primaryimage","url":"https:\/\/www.vfl-fluorn-fussball.de\/wordpress\/wp-content\/uploads\/2023\/09\/20230911_215113-scaled.jpg","contentUrl":"https:\/\/www.vfl-fluorn-fussball.de\/wordpress\/wp-content\/uploads\/2023\/09\/20230911_215113-scaled.jpg","width":1920,"height":2560},{"@type":"BreadcrumbList","@id":"https:\/\/www.vfl-fluorn-fussball.de\/wordpress\/jubilaeums-polo-shirts-koennen-bestellt-werden\/#breadcrumb","itemListElement":[{"@type":"ListItem","position":1,"name":"Home","item":"https:\/\/www.vfl-fluorn-fussball.de\/wordpress\/"},{"@type":"ListItem","position":2,"name":"Jubil\u00e4ums-Polo-Shirts k\u00f6nnen bestellt werden"}]},{"@type":"WebSite","@id":"https:\/\/www.vfl-fluorn-fussball.de\/wordpress\/#website","url":"https:\/\/www.vfl-fluorn-fussball.de\/wordpress\/","name":"VfL Fluorn Fu\u00dfball 1924 e.V.","description":"Mein Freund ist aus Leder","publisher":{"@id":"https:\/\/www.vfl-fluorn-fussball.de\/wordpress\/#organization"},"potentialAction":[{"@type":"SearchAction","target":{"@type":"EntryPoint","urlTemplate":"https:\/\/www.vfl-fluorn-fussball.de\/wordpress\/?s={search_term_string}"},"query-input":{"@type":"PropertyValueSpecification","valueRequired":true,"valueName":"search_term_string"}}],"inLanguage":"de"},{"@type":"Organization","@id":"https:\/\/www.vfl-fluorn-fussball.de\/wordpress\/#organization","name":"VfL Fluorn Fu\u00dfball 1924 e.V.","url":"https:\/\/www.vfl-fluorn-fussball.de\/wordpress\/","logo":{"@type":"ImageObject","inLanguage":"de","@id":"https:\/\/www.vfl-fluorn-fussball.de\/wordpress\/#\/schema\/logo\/image\/","url":"https:\/\/www.vfl-fluorn-fussball.de\/wordpress\/wp-content\/uploads\/2023\/12\/VfLLogoOhneHintergrund.png","contentUrl":"https:\/\/www.vfl-fluorn-fussball.de\/wordpress\/wp-content\/uploads\/2023\/12\/VfLLogoOhneHintergrund.png","width":963,"height":963,"caption":"VfL Fluorn Fu\u00dfball 1924 e.V."},"image":{"@id":"https:\/\/www.vfl-fluorn-fussball.de\/wordpress\/#\/schema\/logo\/image\/"},"sameAs":["https:\/\/de-de.facebook.com\/p\/Vfl-Fluorn-1924-eV-100036848576053\/"]},{"@type":"Person","@id":"https:\/\/www.vfl-fluorn-fussball.de\/wordpress\/#\/schema\/person\/3af506b0fa18f0ab2d3369072c2ff93c","name":"ankaufma","image":{"@type":"ImageObject","inLanguage":"de","@id":"https:\/\/secure.gravatar.com\/avatar\/94b25ff5a2ca5bbb66c0f23cf4a2b2599aef9c8365f849d3270fd622c2a0ac17?s=96&d=mm&r=g","url":"https:\/\/secure.gravatar.com\/avatar\/94b25ff5a2ca5bbb66c0f23cf4a2b2599aef9c8365f849d3270fd622c2a0ac17?s=96&d=mm&r=g","contentUrl":"https:\/\/secure.gravatar.com\/avatar\/94b25ff5a2ca5bbb66c0f23cf4a2b2599aef9c8365f849d3270fd622c2a0ac17?s=96&d=mm&r=g","caption":"ankaufma"},"url":"https:\/\/www.vfl-fluorn-fussball.de\/wordpress\/author\/ankaufma\/"}]}},"_links":{"self":[{"href":"https:\/\/www.vfl-fluorn-fussball.de\/wordpress\/wp-json\/wp\/v2\/posts\/4517","targetHints":{"allow":["GET"]}}],"collection":[{"href":"https:\/\/www.vfl-fluorn-fussball.de\/wordpress\/wp-json\/wp\/v2\/posts"}],"about":[{"href":"https:\/\/www.vfl-fluorn-fussball.de\/wordpress\/wp-json\/wp\/v2\/types\/post"}],"author":[{"embeddable":true,"href":"https:\/\/www.vfl-fluorn-fussball.de\/wordpress\/wp-json\/wp\/v2\/users\/1"}],"replies":[{"embeddable":true,"href":"https:\/\/www.vfl-fluorn-fussball.de\/wordpress\/wp-json\/wp\/v2\/comments?post=4517"}],"version-history":[{"count":1,"href":"https:\/\/www.vfl-fluorn-fussball.de\/wordpress\/wp-json\/wp\/v2\/posts\/4517\/revisions"}],"predecessor-version":[{"id":4519,"href":"https:\/\/www.vfl-fluorn-fussball.de\/wordpress\/wp-json\/wp\/v2\/posts\/4517\/revisions\/4519"}],"wp:featuredmedia":[{"embeddable":true,"href":"https:\/\/www.vfl-fluorn-fussball.de\/wordpress\/wp-json\/wp\/v2\/media\/4518"}],"wp:attachment":[{"href":"https:\/\/www.vfl-fluorn-fussball.de\/wordpress\/wp-json\/wp\/v2\/media?parent=4517"}],"wp:term":[{"taxonomy":"category","embeddable":true,"href":"https:\/\/www.vfl-fluorn-fussball.de\/wordpress\/wp-json\/wp\/v2\/categories?post=4517"},{"taxonomy":"post_tag","embeddable":true,"href":"https:\/\/www.vfl-fluorn-fussball.de\/wordpress\/wp-json\/wp\/v2\/tags?post=4517"}],"curies":[{"name":"wp","href":"https:\/\/api.w.org\/{rel}","templated":true}]}}