{"id":4520,"date":"2023-09-10T14:17:09","date_gmt":"2023-09-10T12:17:09","guid":{"rendered":"https:\/\/www.vfl-fluorn-fussball.de\/wordpress\/?p=4520"},"modified":"2023-09-12T14:44:20","modified_gmt":"2023-09-12T12:44:20","slug":"spielbericht-der-sgm-i-vom-07-09-2023","status":"publish","type":"post","link":"https:\/\/www.vfl-fluorn-fussball.de\/wordpress\/spielbericht-der-sgm-i-vom-07-09-2023\/","title":{"rendered":"Spielbericht der SGM I vom 07.09.2023"},"content":{"rendered":"<p><strong>SGM Fluorn-Winzeln I &#8211; SG Mariazell\/Locherhof 0:6 (0:1)<\/strong><\/p>\n<p>Am letztw\u00f6chigen Donnerstagabend trat die SG aus Mariazell Locherhof in Fluorn an. Ein tendenziell eher st\u00e4rkerer Gegner, den man aber die letzten Jahre immer wieder \u00e4rgern konnte. In diesem Spiel sah die erste Halbzeit genauso vielversprechend aus. Beide Teams k\u00e4mpften und hatten ihre Chancen, teilweise sogar extrem gute, wie beispielsweise Alex Sauer, als er nach circa 25 Minuten von der Mittellinie aus alleine auf das gegnerische Tor zu lief, am Torwart aber leider nicht vorbeikam. \u00c4rgerlich war dann das 0:1 kurz vor der Pause, denn es war bis zu dem Zeitpunkt ein Spiel auf Augenh\u00f6he.<br \/>\nDas 0:2 direkt nach der Pause l\u00e4hmte die Heimmannschaft f\u00f6rmlich und wie in der Vergangenheit schon \u00f6fter l\u00f6ste sich die Mannschaft und damit auch die Verteidigung zu gro\u00dfen Teilen auf. Unachtsamkeiten h\u00e4uften sich und die Intensit\u00e4t in den Zweik\u00e4mpfen war nicht mehr so hoch.<br \/>\nSo kassierte man \u00fcber die zweite Halbzeit verteilt noch vier weitere Treffer, die beispielsweise durch Freist\u00f6\u00dfe und Ecken resultierten, darunter zwei Tore, die Keeper Manuel Neumann an besseren Tagen auch h\u00e4lt. Unter dem Strich eine verdiente Niederlage, da von der gesamten Heimmannschaft in der zweiten Halbzeit kaum noch Gegenwehr kam.<\/p>\n","protected":false},"excerpt":{"rendered":"<p>SGM Fluorn-Winzeln I &#8211; SG Mariazell\/Locherhof 0:6 (0:1) Am letztw\u00f6chigen Donnerstagabend trat die SG aus Mariazell Locherhof in Fluorn an. Ein tendenziell eher st\u00e4rkerer Gegner, den man aber die letzten Jahre immer wieder \u00e4rgern konnte. In diesem Spiel sah die erste Halbzeit genauso vielversprechend aus. Beide Teams k\u00e4mpften und hatten ihre Chancen, teilweise sogar extrem gute, wie beispielsweise Alex Sauer, als er nach circa 25 Minuten von der Mittellinie aus alleine auf das gegnerische Tor zu lief, am Torwart aber leider nicht vorbeikam. \u00c4rgerlich war dann das 0:1 kurz vor der Pause, denn es war bis zu dem Zeitpunkt ein Spiel auf Augenh\u00f6he. Das 0:2 direkt nach der Pause l\u00e4hmte [&hellip;]<\/p>\n","protected":false},"author":6,"featured_media":0,"comment_status":"closed","ping_status":"open","sticky":false,"template":"","format":"standard","meta":{"footnotes":""},"categories":[1,3],"tags":[],"class_list":["post-4520","post","type-post","status-publish","format-standard","hentry","category-allgemein","category-spielberichte"],"yoast_head":"<!-- This site is optimized with the Yoast SEO plugin v27.5 - https:\/\/yoast.com\/product\/yoast-seo-wordpress\/ -->\n<title>Spielbericht der SGM I vom 07.09.2023 - VfL Fluorn Fu\u00dfball 1924 e.V.<\/title>\n<meta name=\"robots\" content=\"index, follow, max-snippet:-1, max-image-preview:large, max-video-preview:-1\" \/>\n<link rel=\"canonical\" href=\"https:\/\/www.vfl-fluorn-fussball.de\/wordpress\/spielbericht-der-sgm-i-vom-07-09-2023\/\" \/>\n<meta property=\"og:locale\" content=\"de_DE\" \/>\n<meta property=\"og:type\" content=\"article\" \/>\n<meta property=\"og:title\" content=\"Spielbericht der SGM I vom 07.09.2023 - VfL Fluorn Fu\u00dfball 1924 e.V.\" \/>\n<meta property=\"og:description\" content=\"SGM Fluorn-Winzeln I &#8211; SG Mariazell\/Locherhof 0:6 (0:1) Am letztw\u00f6chigen Donnerstagabend trat die SG aus Mariazell Locherhof in Fluorn an. Ein tendenziell eher st\u00e4rkerer Gegner, den man aber die letzten Jahre immer wieder \u00e4rgern konnte. In diesem Spiel sah die erste Halbzeit genauso vielversprechend aus. Beide Teams k\u00e4mpften und hatten ihre Chancen, teilweise sogar extrem gute, wie beispielsweise Alex Sauer, als er nach circa 25 Minuten von der Mittellinie aus alleine auf das gegnerische Tor zu lief, am Torwart aber leider nicht vorbeikam. \u00c4rgerlich war dann das 0:1 kurz vor der Pause, denn es war bis zu dem Zeitpunkt ein Spiel auf Augenh\u00f6he. Das 0:2 direkt nach der Pause l\u00e4hmte [&hellip;]\" \/>\n<meta property=\"og:url\" content=\"https:\/\/www.vfl-fluorn-fussball.de\/wordpress\/spielbericht-der-sgm-i-vom-07-09-2023\/\" \/>\n<meta property=\"og:site_name\" content=\"VfL Fluorn Fu\u00dfball 1924 e.V.\" \/>\n<meta property=\"article:publisher\" content=\"https:\/\/de-de.facebook.com\/p\/Vfl-Fluorn-1924-eV-100036848576053\/\" \/>\n<meta property=\"article:published_time\" content=\"2023-09-10T12:17:09+00:00\" \/>\n<meta property=\"article:modified_time\" content=\"2023-09-12T12:44:20+00:00\" \/>\n<meta property=\"og:image\" content=\"https:\/\/www.vfl-fluorn-fussball.de\/wordpress\/wp-content\/uploads\/2023\/12\/HeaderWMSponsors4_final-1024x576.png\" \/>\n\t<meta property=\"og:image:width\" content=\"1024\" \/>\n\t<meta property=\"og:image:height\" content=\"576\" \/>\n\t<meta property=\"og:image:type\" content=\"image\/png\" \/>\n<meta name=\"author\" content=\"Schreiber SGM\" \/>\n<meta name=\"twitter:label1\" content=\"Verfasst von\" \/>\n\t<meta name=\"twitter:data1\" content=\"Schreiber SGM\" \/>\n\t<meta name=\"twitter:label2\" content=\"Gesch\u00e4tzte Lesezeit\" \/>\n\t<meta name=\"twitter:data2\" content=\"2\u00a0Minuten\" \/>\n<script type=\"application\/ld+json\" class=\"yoast-schema-graph\">{\"@context\":\"https:\\\/\\\/schema.org\",\"@graph\":[{\"@type\":\"Article\",\"@id\":\"https:\\\/\\\/www.vfl-fluorn-fussball.de\\\/wordpress\\\/spielbericht-der-sgm-i-vom-07-09-2023\\\/#article\",\"isPartOf\":{\"@id\":\"https:\\\/\\\/www.vfl-fluorn-fussball.de\\\/wordpress\\\/spielbericht-der-sgm-i-vom-07-09-2023\\\/\"},\"author\":{\"name\":\"Schreiber SGM\",\"@id\":\"https:\\\/\\\/www.vfl-fluorn-fussball.de\\\/wordpress\\\/#\\\/schema\\\/person\\\/5d55f99353b9faf0770024e0367f1594\"},\"headline\":\"Spielbericht der SGM I vom 07.09.2023\",\"datePublished\":\"2023-09-10T12:17:09+00:00\",\"dateModified\":\"2023-09-12T12:44:20+00:00\",\"mainEntityOfPage\":{\"@id\":\"https:\\\/\\\/www.vfl-fluorn-fussball.de\\\/wordpress\\\/spielbericht-der-sgm-i-vom-07-09-2023\\\/\"},\"wordCount\":211,\"publisher\":{\"@id\":\"https:\\\/\\\/www.vfl-fluorn-fussball.de\\\/wordpress\\\/#organization\"},\"articleSection\":{\"1\":\"Spielberichte\"},\"inLanguage\":\"de\"},{\"@type\":\"WebPage\",\"@id\":\"https:\\\/\\\/www.vfl-fluorn-fussball.de\\\/wordpress\\\/spielbericht-der-sgm-i-vom-07-09-2023\\\/\",\"url\":\"https:\\\/\\\/www.vfl-fluorn-fussball.de\\\/wordpress\\\/spielbericht-der-sgm-i-vom-07-09-2023\\\/\",\"name\":\"Spielbericht der SGM I vom 07.09.2023 - VfL Fluorn Fu\u00dfball 1924 e.V.\",\"isPartOf\":{\"@id\":\"https:\\\/\\\/www.vfl-fluorn-fussball.de\\\/wordpress\\\/#website\"},\"datePublished\":\"2023-09-10T12:17:09+00:00\",\"dateModified\":\"2023-09-12T12:44:20+00:00\",\"breadcrumb\":{\"@id\":\"https:\\\/\\\/www.vfl-fluorn-fussball.de\\\/wordpress\\\/spielbericht-der-sgm-i-vom-07-09-2023\\\/#breadcrumb\"},\"inLanguage\":\"de\",\"potentialAction\":[{\"@type\":\"ReadAction\",\"target\":[\"https:\\\/\\\/www.vfl-fluorn-fussball.de\\\/wordpress\\\/spielbericht-der-sgm-i-vom-07-09-2023\\\/\"]}]},{\"@type\":\"BreadcrumbList\",\"@id\":\"https:\\\/\\\/www.vfl-fluorn-fussball.de\\\/wordpress\\\/spielbericht-der-sgm-i-vom-07-09-2023\\\/#breadcrumb\",\"itemListElement\":[{\"@type\":\"ListItem\",\"position\":1,\"name\":\"Home\",\"item\":\"https:\\\/\\\/www.vfl-fluorn-fussball.de\\\/wordpress\\\/\"},{\"@type\":\"ListItem\",\"position\":2,\"name\":\"Spielbericht der SGM I vom 07.09.2023\"}]},{\"@type\":\"WebSite\",\"@id\":\"https:\\\/\\\/www.vfl-fluorn-fussball.de\\\/wordpress\\\/#website\",\"url\":\"https:\\\/\\\/www.vfl-fluorn-fussball.de\\\/wordpress\\\/\",\"name\":\"VfL Fluorn Fu\u00dfball 1924 e.V.\",\"description\":\"Mein Freund ist aus Leder\",\"publisher\":{\"@id\":\"https:\\\/\\\/www.vfl-fluorn-fussball.de\\\/wordpress\\\/#organization\"},\"potentialAction\":[{\"@type\":\"SearchAction\",\"target\":{\"@type\":\"EntryPoint\",\"urlTemplate\":\"https:\\\/\\\/www.vfl-fluorn-fussball.de\\\/wordpress\\\/?s={search_term_string}\"},\"query-input\":{\"@type\":\"PropertyValueSpecification\",\"valueRequired\":true,\"valueName\":\"search_term_string\"}}],\"inLanguage\":\"de\"},{\"@type\":\"Organization\",\"@id\":\"https:\\\/\\\/www.vfl-fluorn-fussball.de\\\/wordpress\\\/#organization\",\"name\":\"VfL Fluorn Fu\u00dfball 1924 e.V.\",\"url\":\"https:\\\/\\\/www.vfl-fluorn-fussball.de\\\/wordpress\\\/\",\"logo\":{\"@type\":\"ImageObject\",\"inLanguage\":\"de\",\"@id\":\"https:\\\/\\\/www.vfl-fluorn-fussball.de\\\/wordpress\\\/#\\\/schema\\\/logo\\\/image\\\/\",\"url\":\"https:\\\/\\\/www.vfl-fluorn-fussball.de\\\/wordpress\\\/wp-content\\\/uploads\\\/2023\\\/12\\\/VfLLogoOhneHintergrund.png\",\"contentUrl\":\"https:\\\/\\\/www.vfl-fluorn-fussball.de\\\/wordpress\\\/wp-content\\\/uploads\\\/2023\\\/12\\\/VfLLogoOhneHintergrund.png\",\"width\":963,\"height\":963,\"caption\":\"VfL Fluorn Fu\u00dfball 1924 e.V.\"},\"image\":{\"@id\":\"https:\\\/\\\/www.vfl-fluorn-fussball.de\\\/wordpress\\\/#\\\/schema\\\/logo\\\/image\\\/\"},\"sameAs\":[\"https:\\\/\\\/de-de.facebook.com\\\/p\\\/Vfl-Fluorn-1924-eV-100036848576053\\\/\"]},{\"@type\":\"Person\",\"@id\":\"https:\\\/\\\/www.vfl-fluorn-fussball.de\\\/wordpress\\\/#\\\/schema\\\/person\\\/5d55f99353b9faf0770024e0367f1594\",\"name\":\"Schreiber SGM\",\"image\":{\"@type\":\"ImageObject\",\"inLanguage\":\"de\",\"@id\":\"https:\\\/\\\/secure.gravatar.com\\\/avatar\\\/03f4cbe6ae77c474d8188604de5a4798e04a6c57ea212fda2f96ee1c5bbd6a42?s=96&d=mm&r=g\",\"url\":\"https:\\\/\\\/secure.gravatar.com\\\/avatar\\\/03f4cbe6ae77c474d8188604de5a4798e04a6c57ea212fda2f96ee1c5bbd6a42?s=96&d=mm&r=g\",\"contentUrl\":\"https:\\\/\\\/secure.gravatar.com\\\/avatar\\\/03f4cbe6ae77c474d8188604de5a4798e04a6c57ea212fda2f96ee1c5bbd6a42?s=96&d=mm&r=g\",\"caption\":\"Schreiber SGM\"},\"url\":\"https:\\\/\\\/www.vfl-fluorn-fussball.de\\\/wordpress\\\/author\\\/schreiber_sgm1\\\/\"}]}<\/script>\n<!-- \/ Yoast SEO plugin. -->","yoast_head_json":{"title":"Spielbericht der SGM I vom 07.09.2023 - VfL Fluorn Fu\u00dfball 1924 e.V.","robots":{"index":"index","follow":"follow","max-snippet":"max-snippet:-1","max-image-preview":"max-image-preview:large","max-video-preview":"max-video-preview:-1"},"canonical":"https:\/\/www.vfl-fluorn-fussball.de\/wordpress\/spielbericht-der-sgm-i-vom-07-09-2023\/","og_locale":"de_DE","og_type":"article","og_title":"Spielbericht der SGM I vom 07.09.2023 - VfL Fluorn Fu\u00dfball 1924 e.V.","og_description":"SGM Fluorn-Winzeln I &#8211; SG Mariazell\/Locherhof 0:6 (0:1) Am letztw\u00f6chigen Donnerstagabend trat die SG aus Mariazell Locherhof in Fluorn an. Ein tendenziell eher st\u00e4rkerer Gegner, den man aber die letzten Jahre immer wieder \u00e4rgern konnte. In diesem Spiel sah die erste Halbzeit genauso vielversprechend aus. Beide Teams k\u00e4mpften und hatten ihre Chancen, teilweise sogar extrem gute, wie beispielsweise Alex Sauer, als er nach circa 25 Minuten von der Mittellinie aus alleine auf das gegnerische Tor zu lief, am Torwart aber leider nicht vorbeikam. \u00c4rgerlich war dann das 0:1 kurz vor der Pause, denn es war bis zu dem Zeitpunkt ein Spiel auf Augenh\u00f6he. Das 0:2 direkt nach der Pause l\u00e4hmte [&hellip;]","og_url":"https:\/\/www.vfl-fluorn-fussball.de\/wordpress\/spielbericht-der-sgm-i-vom-07-09-2023\/","og_site_name":"VfL Fluorn Fu\u00dfball 1924 e.V.","article_publisher":"https:\/\/de-de.facebook.com\/p\/Vfl-Fluorn-1924-eV-100036848576053\/","article_published_time":"2023-09-10T12:17:09+00:00","article_modified_time":"2023-09-12T12:44:20+00:00","og_image":[{"width":1024,"height":576,"url":"https:\/\/www.vfl-fluorn-fussball.de\/wordpress\/wp-content\/uploads\/2023\/12\/HeaderWMSponsors4_final-1024x576.png","type":"image\/png"}],"author":"Schreiber SGM","twitter_misc":{"Verfasst von":"Schreiber SGM","Gesch\u00e4tzte Lesezeit":"2\u00a0Minuten"},"schema":{"@context":"https:\/\/schema.org","@graph":[{"@type":"Article","@id":"https:\/\/www.vfl-fluorn-fussball.de\/wordpress\/spielbericht-der-sgm-i-vom-07-09-2023\/#article","isPartOf":{"@id":"https:\/\/www.vfl-fluorn-fussball.de\/wordpress\/spielbericht-der-sgm-i-vom-07-09-2023\/"},"author":{"name":"Schreiber SGM","@id":"https:\/\/www.vfl-fluorn-fussball.de\/wordpress\/#\/schema\/person\/5d55f99353b9faf0770024e0367f1594"},"headline":"Spielbericht der SGM I vom 07.09.2023","datePublished":"2023-09-10T12:17:09+00:00","dateModified":"2023-09-12T12:44:20+00:00","mainEntityOfPage":{"@id":"https:\/\/www.vfl-fluorn-fussball.de\/wordpress\/spielbericht-der-sgm-i-vom-07-09-2023\/"},"wordCount":211,"publisher":{"@id":"https:\/\/www.vfl-fluorn-fussball.de\/wordpress\/#organization"},"articleSection":{"1":"Spielberichte"},"inLanguage":"de"},{"@type":"WebPage","@id":"https:\/\/www.vfl-fluorn-fussball.de\/wordpress\/spielbericht-der-sgm-i-vom-07-09-2023\/","url":"https:\/\/www.vfl-fluorn-fussball.de\/wordpress\/spielbericht-der-sgm-i-vom-07-09-2023\/","name":"Spielbericht der SGM I vom 07.09.2023 - VfL Fluorn Fu\u00dfball 1924 e.V.","isPartOf":{"@id":"https:\/\/www.vfl-fluorn-fussball.de\/wordpress\/#website"},"datePublished":"2023-09-10T12:17:09+00:00","dateModified":"2023-09-12T12:44:20+00:00","breadcrumb":{"@id":"https:\/\/www.vfl-fluorn-fussball.de\/wordpress\/spielbericht-der-sgm-i-vom-07-09-2023\/#breadcrumb"},"inLanguage":"de","potentialAction":[{"@type":"ReadAction","target":["https:\/\/www.vfl-fluorn-fussball.de\/wordpress\/spielbericht-der-sgm-i-vom-07-09-2023\/"]}]},{"@type":"BreadcrumbList","@id":"https:\/\/www.vfl-fluorn-fussball.de\/wordpress\/spielbericht-der-sgm-i-vom-07-09-2023\/#breadcrumb","itemListElement":[{"@type":"ListItem","position":1,"name":"Home","item":"https:\/\/www.vfl-fluorn-fussball.de\/wordpress\/"},{"@type":"ListItem","position":2,"name":"Spielbericht der SGM I vom 07.09.2023"}]},{"@type":"WebSite","@id":"https:\/\/www.vfl-fluorn-fussball.de\/wordpress\/#website","url":"https:\/\/www.vfl-fluorn-fussball.de\/wordpress\/","name":"VfL Fluorn Fu\u00dfball 1924 e.V.","description":"Mein Freund ist aus Leder","publisher":{"@id":"https:\/\/www.vfl-fluorn-fussball.de\/wordpress\/#organization"},"potentialAction":[{"@type":"SearchAction","target":{"@type":"EntryPoint","urlTemplate":"https:\/\/www.vfl-fluorn-fussball.de\/wordpress\/?s={search_term_string}"},"query-input":{"@type":"PropertyValueSpecification","valueRequired":true,"valueName":"search_term_string"}}],"inLanguage":"de"},{"@type":"Organization","@id":"https:\/\/www.vfl-fluorn-fussball.de\/wordpress\/#organization","name":"VfL Fluorn Fu\u00dfball 1924 e.V.","url":"https:\/\/www.vfl-fluorn-fussball.de\/wordpress\/","logo":{"@type":"ImageObject","inLanguage":"de","@id":"https:\/\/www.vfl-fluorn-fussball.de\/wordpress\/#\/schema\/logo\/image\/","url":"https:\/\/www.vfl-fluorn-fussball.de\/wordpress\/wp-content\/uploads\/2023\/12\/VfLLogoOhneHintergrund.png","contentUrl":"https:\/\/www.vfl-fluorn-fussball.de\/wordpress\/wp-content\/uploads\/2023\/12\/VfLLogoOhneHintergrund.png","width":963,"height":963,"caption":"VfL Fluorn Fu\u00dfball 1924 e.V."},"image":{"@id":"https:\/\/www.vfl-fluorn-fussball.de\/wordpress\/#\/schema\/logo\/image\/"},"sameAs":["https:\/\/de-de.facebook.com\/p\/Vfl-Fluorn-1924-eV-100036848576053\/"]},{"@type":"Person","@id":"https:\/\/www.vfl-fluorn-fussball.de\/wordpress\/#\/schema\/person\/5d55f99353b9faf0770024e0367f1594","name":"Schreiber SGM","image":{"@type":"ImageObject","inLanguage":"de","@id":"https:\/\/secure.gravatar.com\/avatar\/03f4cbe6ae77c474d8188604de5a4798e04a6c57ea212fda2f96ee1c5bbd6a42?s=96&d=mm&r=g","url":"https:\/\/secure.gravatar.com\/avatar\/03f4cbe6ae77c474d8188604de5a4798e04a6c57ea212fda2f96ee1c5bbd6a42?s=96&d=mm&r=g","contentUrl":"https:\/\/secure.gravatar.com\/avatar\/03f4cbe6ae77c474d8188604de5a4798e04a6c57ea212fda2f96ee1c5bbd6a42?s=96&d=mm&r=g","caption":"Schreiber SGM"},"url":"https:\/\/www.vfl-fluorn-fussball.de\/wordpress\/author\/schreiber_sgm1\/"}]}},"_links":{"self":[{"href":"https:\/\/www.vfl-fluorn-fussball.de\/wordpress\/wp-json\/wp\/v2\/posts\/4520","targetHints":{"allow":["GET"]}}],"collection":[{"href":"https:\/\/www.vfl-fluorn-fussball.de\/wordpress\/wp-json\/wp\/v2\/posts"}],"about":[{"href":"https:\/\/www.vfl-fluorn-fussball.de\/wordpress\/wp-json\/wp\/v2\/types\/post"}],"author":[{"embeddable":true,"href":"https:\/\/www.vfl-fluorn-fussball.de\/wordpress\/wp-json\/wp\/v2\/users\/6"}],"replies":[{"embeddable":true,"href":"https:\/\/www.vfl-fluorn-fussball.de\/wordpress\/wp-json\/wp\/v2\/comments?post=4520"}],"version-history":[{"count":1,"href":"https:\/\/www.vfl-fluorn-fussball.de\/wordpress\/wp-json\/wp\/v2\/posts\/4520\/revisions"}],"predecessor-version":[{"id":4521,"href":"https:\/\/www.vfl-fluorn-fussball.de\/wordpress\/wp-json\/wp\/v2\/posts\/4520\/revisions\/4521"}],"wp:attachment":[{"href":"https:\/\/www.vfl-fluorn-fussball.de\/wordpress\/wp-json\/wp\/v2\/media?parent=4520"}],"wp:term":[{"taxonomy":"category","embeddable":true,"href":"https:\/\/www.vfl-fluorn-fussball.de\/wordpress\/wp-json\/wp\/v2\/categories?post=4520"},{"taxonomy":"post_tag","embeddable":true,"href":"https:\/\/www.vfl-fluorn-fussball.de\/wordpress\/wp-json\/wp\/v2\/tags?post=4520"}],"curies":[{"name":"wp","href":"https:\/\/api.w.org\/{rel}","templated":true}]}}