{"id":5013,"date":"2024-09-30T09:01:51","date_gmt":"2024-09-30T07:01:51","guid":{"rendered":"https:\/\/www.vfl-fluorn-fussball.de\/wordpress\/?p=5013"},"modified":"2024-09-30T14:10:19","modified_gmt":"2024-09-30T12:10:19","slug":"spielberichte-der-sgms-vom-29-09-2024","status":"publish","type":"post","link":"https:\/\/www.vfl-fluorn-fussball.de\/wordpress\/spielberichte-der-sgms-vom-29-09-2024\/","title":{"rendered":"Spielberichte der SGMs vom 29.09.2024"},"content":{"rendered":"<p><strong>SGM Fluorn-Winzeln I &#8211; FV 08 Rottweil II 3:1 (2:0)<\/strong><br \/>\nGegen die Rottweiler Reserve zeigte man bei herbstlichen Bedingungen insgesamt wieder eine sehr gute Leistung, auch wenn man im zweiten Durchgang mit einer 3:0 F\u00fchrung im R\u00fccken dann ein wenig den Schlendrian einkehren lie\u00df.<br \/>\nMan Begann das Spiel sehr dominant, gewann die Mehrzahl an Zweik\u00e4mpfen und setze die Rottweiler immer wieder in der eigene H\u00e4lfte stark unter Druck. Die Folge waren eine Vielzahl an Chancen, die aber zun\u00e4chst noch nichts einbrachten. Nach rund zwanzig Minuten sprintete Alex Sauer \u00fcber den linken Fl\u00fcgel auf das Tor der G\u00e4ste zu, legte \u00fcberlegt quer auf den am langen Pfosten gut eingelaufenen Lukas Hess, welcher zwar nur den Pfosten traf, von dort prallte der Ball aber zentral vors Tor zur\u00fcck wo Jakub Cielecki gut spekulierend nur noch zur 1:0 F\u00fchrung abstauben musste. Nur f\u00fcnf Zeigerumdrehungen sp\u00e4ter wurde Lukas Hess von Karim Diallo gut in Szene gesetzt, der zog mit viel Geschwindigkeit in den Sechzehner, wo er von einem Abwehrspieler der G\u00e4ste nur noch durch ein Foul gebremst werden konnte. Klare Sache: Elfmeter. Alex Sauer nahm sich dieser Aufgabe an und verwandelte sehenswert zum 2:0 f\u00fcr unsere Elf. Luca Schwenk hatte kurz vor der Halbzeit nach einem Ecksto\u00df noch die gute Gelegenheit zum 3:0. Sein guter Kopfball geriet aber Zentimeter \u00fcber die Latte. Rottweiler Offensivbem\u00fchungen sah man bis zum Halbzeitpfiff eigentlich kaum und so verlebte Torwartlegende Pascal Reich einen eher ruhigen Nachmittag.<br \/>\nWirklich gut und wichtig war dann, dass man in einer insgesamt eher schwachen zweiten Halbzeit nach rund 15 Minuten noch auf 3:0 erh\u00f6hen konnte. Lukas Hess lief allein auf den G\u00e4stekeeper zu, umkurvte diesen gekonnt und traf zur beruhigenden 3:0 F\u00fchrung. Mit der deutlichen F\u00fchrung im R\u00fccken, schaltete unsere Elf nun &#8211; ungewollt &#8211; mehrere G\u00e4nge zur\u00fcck, was dazu f\u00fchrte, dass es zu einer sehr zerfahrenen Schlussphase kam. Nicht zuletzt leistete der Schiedsrichter seinen Beitrag und beide Mannschaften konnten am Ende froh sein, das Spiel mit elf Mann beenden zu k\u00f6nnen. So bleibt der Treffer zum 3:1 etwa zehn Minuten vor Spielende zum Gl\u00fcck nur eine Randnotiz.<br \/>\nUnsere SGM befindet sich damit nach sechs Spielen mit 15 Punkten auf einem sehr soliden dritten Tabellenplatz in der Kreisliga B und steht damit absolut im Soll.<\/p>\n<p><strong>SGM Dunningen\/Seedorf IV &#8211; SGM Fluorn-Winzeln II 0:4 (0:2)<\/strong><br \/>\nDeutlicher als es das Spiel zun\u00e4chst vermuten lie\u00df, fiel das Ergebnis gegen die Seedorfer Reserve-Reserve auf dem Kunstrasenplatz in Seedorf aus.<br \/>\nMit einer wieder mal neu zusammengew\u00fcrfelten Truppe tat sich unsre Dritte zun\u00e4chst schwer ins Spiel zu kommen. Die Hausherren lie\u00dfen den Ball gut laufen und unsere Elf hatte in den ersten zwanzig Minuten oft Gl\u00fcck, aber auch eine gute Einstellung, sodass man in den entscheidenden Zweik\u00e4mpfen immer noch einen Fu\u00df zwischen Ball und Gegner bekam. Nach rund zwanzig Minuten gelang unserer Elf dann der erste gute Angriff des Spiels: Danny Merz setzte sich \u00fcber den linken Fl\u00fcgel gut durch, legte noch vor dem Sechzehner quer auf Mirac Deniz, der mit ein paar schnellen Schritten seinem Gegenspieler enteilte und \u00fcberlegt ins lange Eck zur 1:0 F\u00fchrung f\u00fcr unser Team abschloss. In der Folge gestaltete sich das Spiel ausgeglichener. Robin Uberig reagierte ein mal herausragend bei einem guten Fernschuss der Seedorfer, ansonsten wurde es aber f\u00fcr unseren Keeper nur nach Fehlern im Aufbauspiel gef\u00e4hrlich. Insgesamt konnten aber alle gef\u00e4hrlichen Situationen von unserer Abwehr um Markus Reich und Kai Hezel am Ende entsch\u00e4rft werden. Kurz vor der Halbzeit noch eine kuriose Situation: Ein &#8211; schwer zu sehendes, aber doch klares &#8211; Handspiel im gegnerischen Sechzehner, wurde vom Schiedsrichter kurzerhand auf die Sechzehner-Grenze verlegt. Andrei Biro scherte sich darum wenig und verwandelte den folgenden Freisto\u00df wirklich sehenswert direkt zur 2:0 Pausenf\u00fchrung f\u00fcr unsere SGM.<br \/>\nIm zweiten Durchgang nahmen die Hausherren deutlich mehr Risiko in kauf und standen nun mit einer Dreierkette hoch auf H\u00f6he der Mittellinie. Ohne dabei selbst gef\u00e4hrlich zu werden, lud das unsere Elf immer wieder zu gef\u00e4hrlichen Kontern \u00fcber unsere schnellen Au\u00dfenspieler Nico Bopp, Mikail Akyldiz und Gabriel K\u00fcbler ein. Allein Mikail lie\u00df drei Hochkar\u00e4ter liegen. Das 3:0 erzielte dann erneut Mirac Deniz nach einem Reich-Freisto\u00df aus dem Halbfeld, wobei er wirklich gut einlief und den Ball am langen Pfosten sehr \u00fcberlegt eink\u00f6pfte. Rund zehn Minuten vor Spielende fasste sich Tobias Heizmann von der rechten Verteidiger-Position kommend, dann nochmal ein Herz. Er leitete den Angriff selbst mit Doppelp\u00e4ssen durchs Mittelfeld ein, lief bis zur gegnerischen Grundlinie durch und hatte dann noch die \u00dcbersicht den freistehenden Garbiel K\u00fcbler zentral vor dem Tor musterg\u00fcltig zu bedienen, welcher keine M\u00fche mehr hatte das Endergebnis auf 4:0 zu stellen.<br \/>\nUnsere Dritte feiert damit ihren ersten Saisonsieg im dritten Spiel und kann dadurch zun\u00e4chst die unteren R\u00e4nge der Kreisliga C1 verlassen.<\/p>\n","protected":false},"excerpt":{"rendered":"<p>SGM Fluorn-Winzeln I &#8211; FV 08 Rottweil II 3:1 (2:0) Gegen die Rottweiler Reserve zeigte man bei herbstlichen Bedingungen insgesamt wieder eine sehr gute Leistung, auch wenn man im zweiten Durchgang mit einer 3:0 F\u00fchrung im R\u00fccken dann ein wenig den Schlendrian einkehren lie\u00df. Man Begann das Spiel sehr dominant, gewann die Mehrzahl an Zweik\u00e4mpfen und setze die Rottweiler immer wieder in der eigene H\u00e4lfte stark unter Druck. Die Folge waren eine Vielzahl an Chancen, die aber zun\u00e4chst noch nichts einbrachten. Nach rund zwanzig Minuten sprintete Alex Sauer \u00fcber den linken Fl\u00fcgel auf das Tor der G\u00e4ste zu, legte \u00fcberlegt quer auf den am langen Pfosten gut eingelaufenen Lukas Hess, [&hellip;]<\/p>\n","protected":false},"author":1,"featured_media":0,"comment_status":"closed","ping_status":"open","sticky":false,"template":"","format":"standard","meta":{"footnotes":""},"categories":[1,3],"tags":[],"class_list":["post-5013","post","type-post","status-publish","format-standard","hentry","category-allgemein","category-spielberichte"],"yoast_head":"<!-- This site is optimized with the Yoast SEO plugin v27.4 - https:\/\/yoast.com\/product\/yoast-seo-wordpress\/ -->\n<title>Spielberichte der SGMs vom 29.09.2024 - VfL Fluorn Fu\u00dfball 1924 e.V.<\/title>\n<meta name=\"robots\" content=\"index, follow, max-snippet:-1, max-image-preview:large, max-video-preview:-1\" \/>\n<link rel=\"canonical\" href=\"https:\/\/www.vfl-fluorn-fussball.de\/wordpress\/spielberichte-der-sgms-vom-29-09-2024\/\" \/>\n<meta property=\"og:locale\" content=\"de_DE\" \/>\n<meta property=\"og:type\" content=\"article\" \/>\n<meta property=\"og:title\" content=\"Spielberichte der SGMs vom 29.09.2024 - VfL Fluorn Fu\u00dfball 1924 e.V.\" \/>\n<meta property=\"og:description\" content=\"SGM Fluorn-Winzeln I &#8211; FV 08 Rottweil II 3:1 (2:0) Gegen die Rottweiler Reserve zeigte man bei herbstlichen Bedingungen insgesamt wieder eine sehr gute Leistung, auch wenn man im zweiten Durchgang mit einer 3:0 F\u00fchrung im R\u00fccken dann ein wenig den Schlendrian einkehren lie\u00df. Man Begann das Spiel sehr dominant, gewann die Mehrzahl an Zweik\u00e4mpfen und setze die Rottweiler immer wieder in der eigene H\u00e4lfte stark unter Druck. Die Folge waren eine Vielzahl an Chancen, die aber zun\u00e4chst noch nichts einbrachten. Nach rund zwanzig Minuten sprintete Alex Sauer \u00fcber den linken Fl\u00fcgel auf das Tor der G\u00e4ste zu, legte \u00fcberlegt quer auf den am langen Pfosten gut eingelaufenen Lukas Hess, [&hellip;]\" \/>\n<meta property=\"og:url\" content=\"https:\/\/www.vfl-fluorn-fussball.de\/wordpress\/spielberichte-der-sgms-vom-29-09-2024\/\" \/>\n<meta property=\"og:site_name\" content=\"VfL Fluorn Fu\u00dfball 1924 e.V.\" \/>\n<meta property=\"article:publisher\" content=\"https:\/\/de-de.facebook.com\/p\/Vfl-Fluorn-1924-eV-100036848576053\/\" \/>\n<meta property=\"article:published_time\" content=\"2024-09-30T07:01:51+00:00\" \/>\n<meta property=\"article:modified_time\" content=\"2024-09-30T12:10:19+00:00\" \/>\n<meta property=\"og:image\" content=\"https:\/\/www.vfl-fluorn-fussball.de\/wordpress\/wp-content\/uploads\/2023\/12\/HeaderWMSponsors4_final-1024x576.png\" \/>\n\t<meta property=\"og:image:width\" content=\"1024\" \/>\n\t<meta property=\"og:image:height\" content=\"576\" \/>\n\t<meta property=\"og:image:type\" content=\"image\/png\" \/>\n<meta name=\"author\" content=\"ankaufma\" \/>\n<meta name=\"twitter:label1\" content=\"Verfasst von\" \/>\n\t<meta name=\"twitter:data1\" content=\"ankaufma\" \/>\n\t<meta name=\"twitter:label2\" content=\"Gesch\u00e4tzte Lesezeit\" \/>\n\t<meta name=\"twitter:data2\" content=\"5\u00a0Minuten\" \/>\n<script type=\"application\/ld+json\" class=\"yoast-schema-graph\">{\"@context\":\"https:\\\/\\\/schema.org\",\"@graph\":[{\"@type\":\"Article\",\"@id\":\"https:\\\/\\\/www.vfl-fluorn-fussball.de\\\/wordpress\\\/spielberichte-der-sgms-vom-29-09-2024\\\/#article\",\"isPartOf\":{\"@id\":\"https:\\\/\\\/www.vfl-fluorn-fussball.de\\\/wordpress\\\/spielberichte-der-sgms-vom-29-09-2024\\\/\"},\"author\":{\"name\":\"ankaufma\",\"@id\":\"https:\\\/\\\/www.vfl-fluorn-fussball.de\\\/wordpress\\\/#\\\/schema\\\/person\\\/3af506b0fa18f0ab2d3369072c2ff93c\"},\"headline\":\"Spielberichte der SGMs vom 29.09.2024\",\"datePublished\":\"2024-09-30T07:01:51+00:00\",\"dateModified\":\"2024-09-30T12:10:19+00:00\",\"mainEntityOfPage\":{\"@id\":\"https:\\\/\\\/www.vfl-fluorn-fussball.de\\\/wordpress\\\/spielberichte-der-sgms-vom-29-09-2024\\\/\"},\"wordCount\":815,\"publisher\":{\"@id\":\"https:\\\/\\\/www.vfl-fluorn-fussball.de\\\/wordpress\\\/#organization\"},\"articleSection\":{\"1\":\"Spielberichte\"},\"inLanguage\":\"de\"},{\"@type\":\"WebPage\",\"@id\":\"https:\\\/\\\/www.vfl-fluorn-fussball.de\\\/wordpress\\\/spielberichte-der-sgms-vom-29-09-2024\\\/\",\"url\":\"https:\\\/\\\/www.vfl-fluorn-fussball.de\\\/wordpress\\\/spielberichte-der-sgms-vom-29-09-2024\\\/\",\"name\":\"Spielberichte der SGMs vom 29.09.2024 - VfL Fluorn Fu\u00dfball 1924 e.V.\",\"isPartOf\":{\"@id\":\"https:\\\/\\\/www.vfl-fluorn-fussball.de\\\/wordpress\\\/#website\"},\"datePublished\":\"2024-09-30T07:01:51+00:00\",\"dateModified\":\"2024-09-30T12:10:19+00:00\",\"breadcrumb\":{\"@id\":\"https:\\\/\\\/www.vfl-fluorn-fussball.de\\\/wordpress\\\/spielberichte-der-sgms-vom-29-09-2024\\\/#breadcrumb\"},\"inLanguage\":\"de\",\"potentialAction\":[{\"@type\":\"ReadAction\",\"target\":[\"https:\\\/\\\/www.vfl-fluorn-fussball.de\\\/wordpress\\\/spielberichte-der-sgms-vom-29-09-2024\\\/\"]}]},{\"@type\":\"BreadcrumbList\",\"@id\":\"https:\\\/\\\/www.vfl-fluorn-fussball.de\\\/wordpress\\\/spielberichte-der-sgms-vom-29-09-2024\\\/#breadcrumb\",\"itemListElement\":[{\"@type\":\"ListItem\",\"position\":1,\"name\":\"Home\",\"item\":\"https:\\\/\\\/www.vfl-fluorn-fussball.de\\\/wordpress\\\/\"},{\"@type\":\"ListItem\",\"position\":2,\"name\":\"Spielberichte der SGMs vom 29.09.2024\"}]},{\"@type\":\"WebSite\",\"@id\":\"https:\\\/\\\/www.vfl-fluorn-fussball.de\\\/wordpress\\\/#website\",\"url\":\"https:\\\/\\\/www.vfl-fluorn-fussball.de\\\/wordpress\\\/\",\"name\":\"VfL Fluorn Fu\u00dfball 1924 e.V.\",\"description\":\"Mein Freund ist aus Leder\",\"publisher\":{\"@id\":\"https:\\\/\\\/www.vfl-fluorn-fussball.de\\\/wordpress\\\/#organization\"},\"potentialAction\":[{\"@type\":\"SearchAction\",\"target\":{\"@type\":\"EntryPoint\",\"urlTemplate\":\"https:\\\/\\\/www.vfl-fluorn-fussball.de\\\/wordpress\\\/?s={search_term_string}\"},\"query-input\":{\"@type\":\"PropertyValueSpecification\",\"valueRequired\":true,\"valueName\":\"search_term_string\"}}],\"inLanguage\":\"de\"},{\"@type\":\"Organization\",\"@id\":\"https:\\\/\\\/www.vfl-fluorn-fussball.de\\\/wordpress\\\/#organization\",\"name\":\"VfL Fluorn Fu\u00dfball 1924 e.V.\",\"url\":\"https:\\\/\\\/www.vfl-fluorn-fussball.de\\\/wordpress\\\/\",\"logo\":{\"@type\":\"ImageObject\",\"inLanguage\":\"de\",\"@id\":\"https:\\\/\\\/www.vfl-fluorn-fussball.de\\\/wordpress\\\/#\\\/schema\\\/logo\\\/image\\\/\",\"url\":\"https:\\\/\\\/www.vfl-fluorn-fussball.de\\\/wordpress\\\/wp-content\\\/uploads\\\/2023\\\/12\\\/VfLLogoOhneHintergrund.png\",\"contentUrl\":\"https:\\\/\\\/www.vfl-fluorn-fussball.de\\\/wordpress\\\/wp-content\\\/uploads\\\/2023\\\/12\\\/VfLLogoOhneHintergrund.png\",\"width\":963,\"height\":963,\"caption\":\"VfL Fluorn Fu\u00dfball 1924 e.V.\"},\"image\":{\"@id\":\"https:\\\/\\\/www.vfl-fluorn-fussball.de\\\/wordpress\\\/#\\\/schema\\\/logo\\\/image\\\/\"},\"sameAs\":[\"https:\\\/\\\/de-de.facebook.com\\\/p\\\/Vfl-Fluorn-1924-eV-100036848576053\\\/\"]},{\"@type\":\"Person\",\"@id\":\"https:\\\/\\\/www.vfl-fluorn-fussball.de\\\/wordpress\\\/#\\\/schema\\\/person\\\/3af506b0fa18f0ab2d3369072c2ff93c\",\"name\":\"ankaufma\",\"image\":{\"@type\":\"ImageObject\",\"inLanguage\":\"de\",\"@id\":\"https:\\\/\\\/secure.gravatar.com\\\/avatar\\\/94b25ff5a2ca5bbb66c0f23cf4a2b2599aef9c8365f849d3270fd622c2a0ac17?s=96&d=mm&r=g\",\"url\":\"https:\\\/\\\/secure.gravatar.com\\\/avatar\\\/94b25ff5a2ca5bbb66c0f23cf4a2b2599aef9c8365f849d3270fd622c2a0ac17?s=96&d=mm&r=g\",\"contentUrl\":\"https:\\\/\\\/secure.gravatar.com\\\/avatar\\\/94b25ff5a2ca5bbb66c0f23cf4a2b2599aef9c8365f849d3270fd622c2a0ac17?s=96&d=mm&r=g\",\"caption\":\"ankaufma\"},\"url\":\"https:\\\/\\\/www.vfl-fluorn-fussball.de\\\/wordpress\\\/author\\\/ankaufma\\\/\"}]}<\/script>\n<!-- \/ Yoast SEO plugin. -->","yoast_head_json":{"title":"Spielberichte der SGMs vom 29.09.2024 - VfL Fluorn Fu\u00dfball 1924 e.V.","robots":{"index":"index","follow":"follow","max-snippet":"max-snippet:-1","max-image-preview":"max-image-preview:large","max-video-preview":"max-video-preview:-1"},"canonical":"https:\/\/www.vfl-fluorn-fussball.de\/wordpress\/spielberichte-der-sgms-vom-29-09-2024\/","og_locale":"de_DE","og_type":"article","og_title":"Spielberichte der SGMs vom 29.09.2024 - VfL Fluorn Fu\u00dfball 1924 e.V.","og_description":"SGM Fluorn-Winzeln I &#8211; FV 08 Rottweil II 3:1 (2:0) Gegen die Rottweiler Reserve zeigte man bei herbstlichen Bedingungen insgesamt wieder eine sehr gute Leistung, auch wenn man im zweiten Durchgang mit einer 3:0 F\u00fchrung im R\u00fccken dann ein wenig den Schlendrian einkehren lie\u00df. Man Begann das Spiel sehr dominant, gewann die Mehrzahl an Zweik\u00e4mpfen und setze die Rottweiler immer wieder in der eigene H\u00e4lfte stark unter Druck. Die Folge waren eine Vielzahl an Chancen, die aber zun\u00e4chst noch nichts einbrachten. Nach rund zwanzig Minuten sprintete Alex Sauer \u00fcber den linken Fl\u00fcgel auf das Tor der G\u00e4ste zu, legte \u00fcberlegt quer auf den am langen Pfosten gut eingelaufenen Lukas Hess, [&hellip;]","og_url":"https:\/\/www.vfl-fluorn-fussball.de\/wordpress\/spielberichte-der-sgms-vom-29-09-2024\/","og_site_name":"VfL Fluorn Fu\u00dfball 1924 e.V.","article_publisher":"https:\/\/de-de.facebook.com\/p\/Vfl-Fluorn-1924-eV-100036848576053\/","article_published_time":"2024-09-30T07:01:51+00:00","article_modified_time":"2024-09-30T12:10:19+00:00","og_image":[{"width":1024,"height":576,"url":"https:\/\/www.vfl-fluorn-fussball.de\/wordpress\/wp-content\/uploads\/2023\/12\/HeaderWMSponsors4_final-1024x576.png","type":"image\/png"}],"author":"ankaufma","twitter_misc":{"Verfasst von":"ankaufma","Gesch\u00e4tzte Lesezeit":"5\u00a0Minuten"},"schema":{"@context":"https:\/\/schema.org","@graph":[{"@type":"Article","@id":"https:\/\/www.vfl-fluorn-fussball.de\/wordpress\/spielberichte-der-sgms-vom-29-09-2024\/#article","isPartOf":{"@id":"https:\/\/www.vfl-fluorn-fussball.de\/wordpress\/spielberichte-der-sgms-vom-29-09-2024\/"},"author":{"name":"ankaufma","@id":"https:\/\/www.vfl-fluorn-fussball.de\/wordpress\/#\/schema\/person\/3af506b0fa18f0ab2d3369072c2ff93c"},"headline":"Spielberichte der SGMs vom 29.09.2024","datePublished":"2024-09-30T07:01:51+00:00","dateModified":"2024-09-30T12:10:19+00:00","mainEntityOfPage":{"@id":"https:\/\/www.vfl-fluorn-fussball.de\/wordpress\/spielberichte-der-sgms-vom-29-09-2024\/"},"wordCount":815,"publisher":{"@id":"https:\/\/www.vfl-fluorn-fussball.de\/wordpress\/#organization"},"articleSection":{"1":"Spielberichte"},"inLanguage":"de"},{"@type":"WebPage","@id":"https:\/\/www.vfl-fluorn-fussball.de\/wordpress\/spielberichte-der-sgms-vom-29-09-2024\/","url":"https:\/\/www.vfl-fluorn-fussball.de\/wordpress\/spielberichte-der-sgms-vom-29-09-2024\/","name":"Spielberichte der SGMs vom 29.09.2024 - VfL Fluorn Fu\u00dfball 1924 e.V.","isPartOf":{"@id":"https:\/\/www.vfl-fluorn-fussball.de\/wordpress\/#website"},"datePublished":"2024-09-30T07:01:51+00:00","dateModified":"2024-09-30T12:10:19+00:00","breadcrumb":{"@id":"https:\/\/www.vfl-fluorn-fussball.de\/wordpress\/spielberichte-der-sgms-vom-29-09-2024\/#breadcrumb"},"inLanguage":"de","potentialAction":[{"@type":"ReadAction","target":["https:\/\/www.vfl-fluorn-fussball.de\/wordpress\/spielberichte-der-sgms-vom-29-09-2024\/"]}]},{"@type":"BreadcrumbList","@id":"https:\/\/www.vfl-fluorn-fussball.de\/wordpress\/spielberichte-der-sgms-vom-29-09-2024\/#breadcrumb","itemListElement":[{"@type":"ListItem","position":1,"name":"Home","item":"https:\/\/www.vfl-fluorn-fussball.de\/wordpress\/"},{"@type":"ListItem","position":2,"name":"Spielberichte der SGMs vom 29.09.2024"}]},{"@type":"WebSite","@id":"https:\/\/www.vfl-fluorn-fussball.de\/wordpress\/#website","url":"https:\/\/www.vfl-fluorn-fussball.de\/wordpress\/","name":"VfL Fluorn Fu\u00dfball 1924 e.V.","description":"Mein Freund ist aus Leder","publisher":{"@id":"https:\/\/www.vfl-fluorn-fussball.de\/wordpress\/#organization"},"potentialAction":[{"@type":"SearchAction","target":{"@type":"EntryPoint","urlTemplate":"https:\/\/www.vfl-fluorn-fussball.de\/wordpress\/?s={search_term_string}"},"query-input":{"@type":"PropertyValueSpecification","valueRequired":true,"valueName":"search_term_string"}}],"inLanguage":"de"},{"@type":"Organization","@id":"https:\/\/www.vfl-fluorn-fussball.de\/wordpress\/#organization","name":"VfL Fluorn Fu\u00dfball 1924 e.V.","url":"https:\/\/www.vfl-fluorn-fussball.de\/wordpress\/","logo":{"@type":"ImageObject","inLanguage":"de","@id":"https:\/\/www.vfl-fluorn-fussball.de\/wordpress\/#\/schema\/logo\/image\/","url":"https:\/\/www.vfl-fluorn-fussball.de\/wordpress\/wp-content\/uploads\/2023\/12\/VfLLogoOhneHintergrund.png","contentUrl":"https:\/\/www.vfl-fluorn-fussball.de\/wordpress\/wp-content\/uploads\/2023\/12\/VfLLogoOhneHintergrund.png","width":963,"height":963,"caption":"VfL Fluorn Fu\u00dfball 1924 e.V."},"image":{"@id":"https:\/\/www.vfl-fluorn-fussball.de\/wordpress\/#\/schema\/logo\/image\/"},"sameAs":["https:\/\/de-de.facebook.com\/p\/Vfl-Fluorn-1924-eV-100036848576053\/"]},{"@type":"Person","@id":"https:\/\/www.vfl-fluorn-fussball.de\/wordpress\/#\/schema\/person\/3af506b0fa18f0ab2d3369072c2ff93c","name":"ankaufma","image":{"@type":"ImageObject","inLanguage":"de","@id":"https:\/\/secure.gravatar.com\/avatar\/94b25ff5a2ca5bbb66c0f23cf4a2b2599aef9c8365f849d3270fd622c2a0ac17?s=96&d=mm&r=g","url":"https:\/\/secure.gravatar.com\/avatar\/94b25ff5a2ca5bbb66c0f23cf4a2b2599aef9c8365f849d3270fd622c2a0ac17?s=96&d=mm&r=g","contentUrl":"https:\/\/secure.gravatar.com\/avatar\/94b25ff5a2ca5bbb66c0f23cf4a2b2599aef9c8365f849d3270fd622c2a0ac17?s=96&d=mm&r=g","caption":"ankaufma"},"url":"https:\/\/www.vfl-fluorn-fussball.de\/wordpress\/author\/ankaufma\/"}]}},"_links":{"self":[{"href":"https:\/\/www.vfl-fluorn-fussball.de\/wordpress\/wp-json\/wp\/v2\/posts\/5013","targetHints":{"allow":["GET"]}}],"collection":[{"href":"https:\/\/www.vfl-fluorn-fussball.de\/wordpress\/wp-json\/wp\/v2\/posts"}],"about":[{"href":"https:\/\/www.vfl-fluorn-fussball.de\/wordpress\/wp-json\/wp\/v2\/types\/post"}],"author":[{"embeddable":true,"href":"https:\/\/www.vfl-fluorn-fussball.de\/wordpress\/wp-json\/wp\/v2\/users\/1"}],"replies":[{"embeddable":true,"href":"https:\/\/www.vfl-fluorn-fussball.de\/wordpress\/wp-json\/wp\/v2\/comments?post=5013"}],"version-history":[{"count":8,"href":"https:\/\/www.vfl-fluorn-fussball.de\/wordpress\/wp-json\/wp\/v2\/posts\/5013\/revisions"}],"predecessor-version":[{"id":5022,"href":"https:\/\/www.vfl-fluorn-fussball.de\/wordpress\/wp-json\/wp\/v2\/posts\/5013\/revisions\/5022"}],"wp:attachment":[{"href":"https:\/\/www.vfl-fluorn-fussball.de\/wordpress\/wp-json\/wp\/v2\/media?parent=5013"}],"wp:term":[{"taxonomy":"category","embeddable":true,"href":"https:\/\/www.vfl-fluorn-fussball.de\/wordpress\/wp-json\/wp\/v2\/categories?post=5013"},{"taxonomy":"post_tag","embeddable":true,"href":"https:\/\/www.vfl-fluorn-fussball.de\/wordpress\/wp-json\/wp\/v2\/tags?post=5013"}],"curies":[{"name":"wp","href":"https:\/\/api.w.org\/{rel}","templated":true}]}}