{"id":5492,"date":"2026-08-31T07:35:59","date_gmt":"2026-08-31T05:35:59","guid":{"rendered":"https:\/\/www.vfl-fluorn-fussball.de\/wordpress\/?p=5492"},"modified":"2026-08-31T07:54:18","modified_gmt":"2026-08-31T05:54:18","slug":"spielberichte-der-sgms-vom-30-08-2026","status":"publish","type":"post","link":"https:\/\/www.vfl-fluorn-fussball.de\/wordpress\/spielberichte-der-sgms-vom-30-08-2026\/","title":{"rendered":"Spielberichte der SGMs vom 30.08.2026"},"content":{"rendered":"<p><strong>SGM Fluorn-Winzeln II &#8211; SpVgg Bochingen II 3:0 (1:0)<\/strong><br \/>\nMit die beste Leistung unserer Dritten seit sehr langer Zeit, gegen einen zugegebenerma\u00dfen sehr schwachen Gegner, sahen die weniger Zuschauer vergangenen Sonntag zum Saisonauftakt in der Kreisliga C.<br \/>\nVor allem in den ersten 30 Minuten der Partie spielte man die G\u00e4ste quasi schwindelig und hatte dabei eine Reihe von Gro\u00dfchancen. Unter anderem vergaben aber Erkut Yilmaz, Robin Uberig, Serhat Akylidiz und Felix Schumacher beste Gelegenheiten oder scheiterten am besten Bochinger &#8211; dem Keeper. Au\u00dferdem wurde Gabriel K\u00fcbler nach rund 20 Minuten ein regul\u00e4rer Treffer abgesprochen, nachdem sich zuvor einer unserer Spieler woanders im Abseits befunden haben soll(?). Nach rund 30 Minuten h\u00e4tte unsere Dritte verdienterma\u00dfen mit 4- oder 5:0 in F\u00fchrung liegen m\u00fcssen, der Chancenwucher f\u00fchrte aber dazu, dass das Spiel ergebnistechnisch lange offen blieb. Wichtig war dann, dass Ertunc Cetinkaya nach einem abgewehrten Ecksto\u00df das 1:0 aus dem R\u00fcckraum erzielte. So fiel immerhin ein wenig die Anspannung ab.<br \/>\nUnser Team nahm sich f\u00fcr den zweiten Durchgang vor genauso weiter zu spielen, wie im ersten Durchgang. Unsere kaum trainierenden Spieler mussten dann mit zunehmender Spieldauer dem hohen Tempo, das man in der ersten Halbzeit gegangen war immer mehr Tribut zollen. Man blieb zwar feld\u00fcberlegen, es dauerte aber lange bis Robin Uberig zun\u00e4chst das 2:0 erzielen und Manuel Graf in der Nachspielzeit noch das 3:0 drauf setzen konnte.<\/p>\n","protected":false},"excerpt":{"rendered":"<p>SGM Fluorn-Winzeln II &#8211; SpVgg Bochingen II 3:0 (1:0) Mit die beste Leistung unserer Dritten seit sehr langer Zeit, gegen einen zugegebenerma\u00dfen sehr schwachen Gegner, sahen die weniger Zuschauer vergangenen Sonntag zum Saisonauftakt in der Kreisliga C. Vor allem in den ersten 30 Minuten der Partie spielte man die G\u00e4ste quasi schwindelig und hatte dabei eine Reihe von Gro\u00dfchancen. Unter anderem vergaben aber Erkut Yilmaz, Robin Uberig, Serhat Akylidiz und Felix Schumacher beste Gelegenheiten oder scheiterten am besten Bochinger &#8211; dem Keeper. Au\u00dferdem wurde Gabriel K\u00fcbler nach rund 20 Minuten ein regul\u00e4rer Treffer abgesprochen, nachdem sich zuvor einer unserer Spieler woanders im Abseits befunden haben soll(?). Nach rund 30 Minuten [&hellip;]<\/p>\n","protected":false},"author":1,"featured_media":0,"comment_status":"closed","ping_status":"open","sticky":false,"template":"","format":"standard","meta":{"footnotes":"","_members_access_role":[],"_members_access_error":""},"categories":[1,3],"tags":[],"class_list":["post-5492","post","type-post","status-publish","format-standard","hentry","category-allgemein","category-spielberichte"],"yoast_head":"<!-- This site is optimized with the Yoast SEO plugin v28.3 - https:\/\/yoast.com\/product\/yoast-seo-wordpress\/ -->\n<title>Spielberichte der SGMs vom 30.08.2026 - VfL Fluorn Fu\u00dfball 1924 e.V.<\/title>\n<meta name=\"robots\" content=\"index, follow, max-snippet:-1, max-image-preview:large, max-video-preview:-1\" \/>\n<link rel=\"canonical\" href=\"https:\/\/www.vfl-fluorn-fussball.de\/wordpress\/spielberichte-der-sgms-vom-30-08-2026\/\" \/>\n<meta property=\"og:locale\" content=\"de_DE\" \/>\n<meta property=\"og:type\" content=\"article\" \/>\n<meta property=\"og:title\" content=\"Spielberichte der SGMs vom 30.08.2026 - VfL Fluorn Fu\u00dfball 1924 e.V.\" \/>\n<meta property=\"og:description\" content=\"SGM Fluorn-Winzeln II &#8211; SpVgg Bochingen II 3:0 (1:0) Mit die beste Leistung unserer Dritten seit sehr langer Zeit, gegen einen zugegebenerma\u00dfen sehr schwachen Gegner, sahen die weniger Zuschauer vergangenen Sonntag zum Saisonauftakt in der Kreisliga C. Vor allem in den ersten 30 Minuten der Partie spielte man die G\u00e4ste quasi schwindelig und hatte dabei eine Reihe von Gro\u00dfchancen. Unter anderem vergaben aber Erkut Yilmaz, Robin Uberig, Serhat Akylidiz und Felix Schumacher beste Gelegenheiten oder scheiterten am besten Bochinger &#8211; dem Keeper. Au\u00dferdem wurde Gabriel K\u00fcbler nach rund 20 Minuten ein regul\u00e4rer Treffer abgesprochen, nachdem sich zuvor einer unserer Spieler woanders im Abseits befunden haben soll(?). Nach rund 30 Minuten [&hellip;]\" \/>\n<meta property=\"og:url\" content=\"https:\/\/www.vfl-fluorn-fussball.de\/wordpress\/spielberichte-der-sgms-vom-30-08-2026\/\" \/>\n<meta property=\"og:site_name\" content=\"VfL Fluorn Fu\u00dfball 1924 e.V.\" \/>\n<meta property=\"article:publisher\" content=\"https:\/\/de-de.facebook.com\/p\/Vfl-Fluorn-1924-eV-100036848576053\/\" \/>\n<meta property=\"article:published_time\" content=\"2026-08-31T05:35:59+00:00\" \/>\n<meta property=\"article:modified_time\" content=\"2026-08-31T05:54:18+00:00\" \/>\n<meta property=\"og:image\" content=\"https:\/\/www.vfl-fluorn-fussball.de\/wordpress\/wp-content\/uploads\/2023\/12\/HeaderWMSponsors4_final-1024x576.png\" \/>\n\t<meta property=\"og:image:width\" content=\"1024\" \/>\n\t<meta property=\"og:image:height\" content=\"576\" \/>\n\t<meta property=\"og:image:type\" content=\"image\/png\" \/>\n<meta name=\"author\" content=\"ankaufma\" \/>\n<meta name=\"twitter:label1\" content=\"Verfasst von\" \/>\n\t<meta name=\"twitter:data1\" content=\"ankaufma\" \/>\n\t<meta name=\"twitter:label2\" content=\"Gesch\u00e4tzte Lesezeit\" \/>\n\t<meta name=\"twitter:data2\" content=\"2\u00a0Minuten\" \/>\n<script type=\"application\/ld+json\" class=\"yoast-schema-graph\">{\"@context\":\"https:\\\/\\\/schema.org\",\"@graph\":[{\"@type\":\"Article\",\"@id\":\"https:\\\/\\\/www.vfl-fluorn-fussball.de\\\/wordpress\\\/spielberichte-der-sgms-vom-30-08-2026\\\/#article\",\"isPartOf\":{\"@id\":\"https:\\\/\\\/www.vfl-fluorn-fussball.de\\\/wordpress\\\/spielberichte-der-sgms-vom-30-08-2026\\\/\"},\"author\":{\"name\":\"ankaufma\",\"@id\":\"https:\\\/\\\/www.vfl-fluorn-fussball.de\\\/wordpress\\\/#\\\/schema\\\/person\\\/3af506b0fa18f0ab2d3369072c2ff93c\"},\"headline\":\"Spielberichte der SGMs vom 30.08.2026\",\"datePublished\":\"2026-08-31T05:35:59+00:00\",\"dateModified\":\"2026-08-31T05:54:18+00:00\",\"mainEntityOfPage\":{\"@id\":\"https:\\\/\\\/www.vfl-fluorn-fussball.de\\\/wordpress\\\/spielberichte-der-sgms-vom-30-08-2026\\\/\"},\"wordCount\":236,\"publisher\":{\"@id\":\"https:\\\/\\\/www.vfl-fluorn-fussball.de\\\/wordpress\\\/#organization\"},\"articleSection\":{\"1\":\"Spielberichte\"},\"inLanguage\":\"de\"},{\"@type\":\"WebPage\",\"@id\":\"https:\\\/\\\/www.vfl-fluorn-fussball.de\\\/wordpress\\\/spielberichte-der-sgms-vom-30-08-2026\\\/\",\"url\":\"https:\\\/\\\/www.vfl-fluorn-fussball.de\\\/wordpress\\\/spielberichte-der-sgms-vom-30-08-2026\\\/\",\"name\":\"Spielberichte der SGMs vom 30.08.2026 - VfL Fluorn Fu\u00dfball 1924 e.V.\",\"isPartOf\":{\"@id\":\"https:\\\/\\\/www.vfl-fluorn-fussball.de\\\/wordpress\\\/#website\"},\"datePublished\":\"2026-08-31T05:35:59+00:00\",\"dateModified\":\"2026-08-31T05:54:18+00:00\",\"breadcrumb\":{\"@id\":\"https:\\\/\\\/www.vfl-fluorn-fussball.de\\\/wordpress\\\/spielberichte-der-sgms-vom-30-08-2026\\\/#breadcrumb\"},\"inLanguage\":\"de\",\"potentialAction\":[{\"@type\":\"ReadAction\",\"target\":[\"https:\\\/\\\/www.vfl-fluorn-fussball.de\\\/wordpress\\\/spielberichte-der-sgms-vom-30-08-2026\\\/\"]}]},{\"@type\":\"BreadcrumbList\",\"@id\":\"https:\\\/\\\/www.vfl-fluorn-fussball.de\\\/wordpress\\\/spielberichte-der-sgms-vom-30-08-2026\\\/#breadcrumb\",\"itemListElement\":[{\"@type\":\"ListItem\",\"position\":1,\"name\":\"Home\",\"item\":\"https:\\\/\\\/www.vfl-fluorn-fussball.de\\\/wordpress\\\/\"},{\"@type\":\"ListItem\",\"position\":2,\"name\":\"Spielberichte der SGMs vom 30.08.2026\"}]},{\"@type\":\"WebSite\",\"@id\":\"https:\\\/\\\/www.vfl-fluorn-fussball.de\\\/wordpress\\\/#website\",\"url\":\"https:\\\/\\\/www.vfl-fluorn-fussball.de\\\/wordpress\\\/\",\"name\":\"VfL Fluorn Fu\u00dfball 1924 e.V.\",\"description\":\"Mein Freund ist aus Leder\",\"publisher\":{\"@id\":\"https:\\\/\\\/www.vfl-fluorn-fussball.de\\\/wordpress\\\/#organization\"},\"potentialAction\":[{\"@type\":\"SearchAction\",\"target\":{\"@type\":\"EntryPoint\",\"urlTemplate\":\"https:\\\/\\\/www.vfl-fluorn-fussball.de\\\/wordpress\\\/?s={search_term_string}\"},\"query-input\":{\"@type\":\"PropertyValueSpecification\",\"valueRequired\":true,\"valueName\":\"search_term_string\"}}],\"inLanguage\":\"de\"},{\"@type\":\"Organization\",\"@id\":\"https:\\\/\\\/www.vfl-fluorn-fussball.de\\\/wordpress\\\/#organization\",\"name\":\"VfL Fluorn Fu\u00dfball 1924 e.V.\",\"url\":\"https:\\\/\\\/www.vfl-fluorn-fussball.de\\\/wordpress\\\/\",\"logo\":{\"@type\":\"ImageObject\",\"inLanguage\":\"de\",\"@id\":\"https:\\\/\\\/www.vfl-fluorn-fussball.de\\\/wordpress\\\/#\\\/schema\\\/logo\\\/image\\\/\",\"url\":\"https:\\\/\\\/www.vfl-fluorn-fussball.de\\\/wordpress\\\/wp-content\\\/uploads\\\/2023\\\/12\\\/VfLLogoOhneHintergrund.png\",\"contentUrl\":\"https:\\\/\\\/www.vfl-fluorn-fussball.de\\\/wordpress\\\/wp-content\\\/uploads\\\/2023\\\/12\\\/VfLLogoOhneHintergrund.png\",\"width\":963,\"height\":963,\"caption\":\"VfL Fluorn Fu\u00dfball 1924 e.V.\"},\"image\":{\"@id\":\"https:\\\/\\\/www.vfl-fluorn-fussball.de\\\/wordpress\\\/#\\\/schema\\\/logo\\\/image\\\/\"},\"sameAs\":[\"https:\\\/\\\/de-de.facebook.com\\\/p\\\/Vfl-Fluorn-1924-eV-100036848576053\\\/\"]},{\"@type\":\"Person\",\"@id\":\"https:\\\/\\\/www.vfl-fluorn-fussball.de\\\/wordpress\\\/#\\\/schema\\\/person\\\/3af506b0fa18f0ab2d3369072c2ff93c\",\"name\":\"ankaufma\",\"image\":{\"@type\":\"ImageObject\",\"inLanguage\":\"de\",\"@id\":\"https:\\\/\\\/secure.gravatar.com\\\/avatar\\\/94b25ff5a2ca5bbb66c0f23cf4a2b2599aef9c8365f849d3270fd622c2a0ac17?s=96&d=mm&r=g\",\"url\":\"https:\\\/\\\/secure.gravatar.com\\\/avatar\\\/94b25ff5a2ca5bbb66c0f23cf4a2b2599aef9c8365f849d3270fd622c2a0ac17?s=96&d=mm&r=g\",\"contentUrl\":\"https:\\\/\\\/secure.gravatar.com\\\/avatar\\\/94b25ff5a2ca5bbb66c0f23cf4a2b2599aef9c8365f849d3270fd622c2a0ac17?s=96&d=mm&r=g\",\"caption\":\"ankaufma\"},\"url\":\"https:\\\/\\\/www.vfl-fluorn-fussball.de\\\/wordpress\\\/author\\\/ankaufma\\\/\"}]}<\/script>\n<!-- \/ Yoast SEO plugin. -->","yoast_head_json":{"title":"Spielberichte der SGMs vom 30.08.2026 - VfL Fluorn Fu\u00dfball 1924 e.V.","robots":{"index":"index","follow":"follow","max-snippet":"max-snippet:-1","max-image-preview":"max-image-preview:large","max-video-preview":"max-video-preview:-1"},"canonical":"https:\/\/www.vfl-fluorn-fussball.de\/wordpress\/spielberichte-der-sgms-vom-30-08-2026\/","og_locale":"de_DE","og_type":"article","og_title":"Spielberichte der SGMs vom 30.08.2026 - VfL Fluorn Fu\u00dfball 1924 e.V.","og_description":"SGM Fluorn-Winzeln II &#8211; SpVgg Bochingen II 3:0 (1:0) Mit die beste Leistung unserer Dritten seit sehr langer Zeit, gegen einen zugegebenerma\u00dfen sehr schwachen Gegner, sahen die weniger Zuschauer vergangenen Sonntag zum Saisonauftakt in der Kreisliga C. Vor allem in den ersten 30 Minuten der Partie spielte man die G\u00e4ste quasi schwindelig und hatte dabei eine Reihe von Gro\u00dfchancen. Unter anderem vergaben aber Erkut Yilmaz, Robin Uberig, Serhat Akylidiz und Felix Schumacher beste Gelegenheiten oder scheiterten am besten Bochinger &#8211; dem Keeper. Au\u00dferdem wurde Gabriel K\u00fcbler nach rund 20 Minuten ein regul\u00e4rer Treffer abgesprochen, nachdem sich zuvor einer unserer Spieler woanders im Abseits befunden haben soll(?). Nach rund 30 Minuten [&hellip;]","og_url":"https:\/\/www.vfl-fluorn-fussball.de\/wordpress\/spielberichte-der-sgms-vom-30-08-2026\/","og_site_name":"VfL Fluorn Fu\u00dfball 1924 e.V.","article_publisher":"https:\/\/de-de.facebook.com\/p\/Vfl-Fluorn-1924-eV-100036848576053\/","article_published_time":"2026-08-31T05:35:59+00:00","article_modified_time":"2026-08-31T05:54:18+00:00","og_image":[{"width":1024,"height":576,"url":"https:\/\/www.vfl-fluorn-fussball.de\/wordpress\/wp-content\/uploads\/2023\/12\/HeaderWMSponsors4_final-1024x576.png","type":"image\/png"}],"author":"ankaufma","twitter_misc":{"Verfasst von":"ankaufma","Gesch\u00e4tzte Lesezeit":"2\u00a0Minuten"},"schema":{"@context":"https:\/\/schema.org","@graph":[{"@type":"Article","@id":"https:\/\/www.vfl-fluorn-fussball.de\/wordpress\/spielberichte-der-sgms-vom-30-08-2026\/#article","isPartOf":{"@id":"https:\/\/www.vfl-fluorn-fussball.de\/wordpress\/spielberichte-der-sgms-vom-30-08-2026\/"},"author":{"name":"ankaufma","@id":"https:\/\/www.vfl-fluorn-fussball.de\/wordpress\/#\/schema\/person\/3af506b0fa18f0ab2d3369072c2ff93c"},"headline":"Spielberichte der SGMs vom 30.08.2026","datePublished":"2026-08-31T05:35:59+00:00","dateModified":"2026-08-31T05:54:18+00:00","mainEntityOfPage":{"@id":"https:\/\/www.vfl-fluorn-fussball.de\/wordpress\/spielberichte-der-sgms-vom-30-08-2026\/"},"wordCount":236,"publisher":{"@id":"https:\/\/www.vfl-fluorn-fussball.de\/wordpress\/#organization"},"articleSection":{"1":"Spielberichte"},"inLanguage":"de"},{"@type":"WebPage","@id":"https:\/\/www.vfl-fluorn-fussball.de\/wordpress\/spielberichte-der-sgms-vom-30-08-2026\/","url":"https:\/\/www.vfl-fluorn-fussball.de\/wordpress\/spielberichte-der-sgms-vom-30-08-2026\/","name":"Spielberichte der SGMs vom 30.08.2026 - VfL Fluorn Fu\u00dfball 1924 e.V.","isPartOf":{"@id":"https:\/\/www.vfl-fluorn-fussball.de\/wordpress\/#website"},"datePublished":"2026-08-31T05:35:59+00:00","dateModified":"2026-08-31T05:54:18+00:00","breadcrumb":{"@id":"https:\/\/www.vfl-fluorn-fussball.de\/wordpress\/spielberichte-der-sgms-vom-30-08-2026\/#breadcrumb"},"inLanguage":"de","potentialAction":[{"@type":"ReadAction","target":["https:\/\/www.vfl-fluorn-fussball.de\/wordpress\/spielberichte-der-sgms-vom-30-08-2026\/"]}]},{"@type":"BreadcrumbList","@id":"https:\/\/www.vfl-fluorn-fussball.de\/wordpress\/spielberichte-der-sgms-vom-30-08-2026\/#breadcrumb","itemListElement":[{"@type":"ListItem","position":1,"name":"Home","item":"https:\/\/www.vfl-fluorn-fussball.de\/wordpress\/"},{"@type":"ListItem","position":2,"name":"Spielberichte der SGMs vom 30.08.2026"}]},{"@type":"WebSite","@id":"https:\/\/www.vfl-fluorn-fussball.de\/wordpress\/#website","url":"https:\/\/www.vfl-fluorn-fussball.de\/wordpress\/","name":"VfL Fluorn Fu\u00dfball 1924 e.V.","description":"Mein Freund ist aus Leder","publisher":{"@id":"https:\/\/www.vfl-fluorn-fussball.de\/wordpress\/#organization"},"potentialAction":[{"@type":"SearchAction","target":{"@type":"EntryPoint","urlTemplate":"https:\/\/www.vfl-fluorn-fussball.de\/wordpress\/?s={search_term_string}"},"query-input":{"@type":"PropertyValueSpecification","valueRequired":true,"valueName":"search_term_string"}}],"inLanguage":"de"},{"@type":"Organization","@id":"https:\/\/www.vfl-fluorn-fussball.de\/wordpress\/#organization","name":"VfL Fluorn Fu\u00dfball 1924 e.V.","url":"https:\/\/www.vfl-fluorn-fussball.de\/wordpress\/","logo":{"@type":"ImageObject","inLanguage":"de","@id":"https:\/\/www.vfl-fluorn-fussball.de\/wordpress\/#\/schema\/logo\/image\/","url":"https:\/\/www.vfl-fluorn-fussball.de\/wordpress\/wp-content\/uploads\/2023\/12\/VfLLogoOhneHintergrund.png","contentUrl":"https:\/\/www.vfl-fluorn-fussball.de\/wordpress\/wp-content\/uploads\/2023\/12\/VfLLogoOhneHintergrund.png","width":963,"height":963,"caption":"VfL Fluorn Fu\u00dfball 1924 e.V."},"image":{"@id":"https:\/\/www.vfl-fluorn-fussball.de\/wordpress\/#\/schema\/logo\/image\/"},"sameAs":["https:\/\/de-de.facebook.com\/p\/Vfl-Fluorn-1924-eV-100036848576053\/"]},{"@type":"Person","@id":"https:\/\/www.vfl-fluorn-fussball.de\/wordpress\/#\/schema\/person\/3af506b0fa18f0ab2d3369072c2ff93c","name":"ankaufma","image":{"@type":"ImageObject","inLanguage":"de","@id":"https:\/\/secure.gravatar.com\/avatar\/94b25ff5a2ca5bbb66c0f23cf4a2b2599aef9c8365f849d3270fd622c2a0ac17?s=96&d=mm&r=g","url":"https:\/\/secure.gravatar.com\/avatar\/94b25ff5a2ca5bbb66c0f23cf4a2b2599aef9c8365f849d3270fd622c2a0ac17?s=96&d=mm&r=g","contentUrl":"https:\/\/secure.gravatar.com\/avatar\/94b25ff5a2ca5bbb66c0f23cf4a2b2599aef9c8365f849d3270fd622c2a0ac17?s=96&d=mm&r=g","caption":"ankaufma"},"url":"https:\/\/www.vfl-fluorn-fussball.de\/wordpress\/author\/ankaufma\/"}]}},"_links":{"self":[{"href":"https:\/\/www.vfl-fluorn-fussball.de\/wordpress\/wp-json\/wp\/v2\/posts\/5492","targetHints":{"allow":["GET"]}}],"collection":[{"href":"https:\/\/www.vfl-fluorn-fussball.de\/wordpress\/wp-json\/wp\/v2\/posts"}],"about":[{"href":"https:\/\/www.vfl-fluorn-fussball.de\/wordpress\/wp-json\/wp\/v2\/types\/post"}],"author":[{"embeddable":true,"href":"https:\/\/www.vfl-fluorn-fussball.de\/wordpress\/wp-json\/wp\/v2\/users\/1"}],"replies":[{"embeddable":true,"href":"https:\/\/www.vfl-fluorn-fussball.de\/wordpress\/wp-json\/wp\/v2\/comments?post=5492"}],"version-history":[{"count":2,"href":"https:\/\/www.vfl-fluorn-fussball.de\/wordpress\/wp-json\/wp\/v2\/posts\/5492\/revisions"}],"predecessor-version":[{"id":5494,"href":"https:\/\/www.vfl-fluorn-fussball.de\/wordpress\/wp-json\/wp\/v2\/posts\/5492\/revisions\/5494"}],"wp:attachment":[{"href":"https:\/\/www.vfl-fluorn-fussball.de\/wordpress\/wp-json\/wp\/v2\/media?parent=5492"}],"wp:term":[{"taxonomy":"category","embeddable":true,"href":"https:\/\/www.vfl-fluorn-fussball.de\/wordpress\/wp-json\/wp\/v2\/categories?post=5492"},{"taxonomy":"post_tag","embeddable":true,"href":"https:\/\/www.vfl-fluorn-fussball.de\/wordpress\/wp-json\/wp\/v2\/tags?post=5492"}],"curies":[{"name":"wp","href":"https:\/\/api.w.org\/{rel}","templated":true}]}}