{"id":842,"date":"2015-02-15T20:34:23","date_gmt":"2015-02-15T18:34:23","guid":{"rendered":"http:\/\/www.vfl-fluorn-fussball.de\/wordpress\/?p=842"},"modified":"2015-02-15T21:11:32","modified_gmt":"2015-02-15T19:11:32","slug":"hausball-2015","status":"publish","type":"post","link":"https:\/\/www.vfl-fluorn-fussball.de\/wordpress\/hausball-2015\/","title":{"rendered":"Hausball 2015"},"content":{"rendered":"<p>Am 06. Februar hat der diesj\u00e4hrige Hausball des VfL nach einer kurzen Pause erneut stattgefunden. Bei guter Stimmung und zahlreichen G\u00e4sten wurde eine tierisch gute Party gefeiert.<\/p>\n<p>Auch der Schwarzw\u00e4lder Bote\u00a0berichtete bereits von dem gelungenen Ereignis. <a title=\"Bericht Schwabo\" href=\"http:\/\/www.schwarzwaelder-bote.de\/inhalt.fluorn-winzeln-tierisch-gute-stimmung-im-vfl-sportheim.ca2842ca-269b-43f4-8065-792f15198a94.html\" target=\"_blank\"><strong>zum Bericht&#8230;<\/strong><\/a><\/p>\n<p>Vielen Dank Allen, die zum Gelingen beigetragen haben.<\/p>\n<!-- MetaSlider 843 not found -->\n","protected":false},"excerpt":{"rendered":"<p>Am 06. Februar hat der diesj\u00e4hrige Hausball des VfL nach einer kurzen Pause erneut stattgefunden. Bei guter Stimmung und zahlreichen G\u00e4sten wurde eine tierisch gute Party gefeiert. Auch der Schwarzw\u00e4lder Bote\u00a0berichtete bereits von dem gelungenen Ereignis. zum Bericht&#8230; Vielen Dank Allen, die zum Gelingen beigetragen haben.<\/p>\n","protected":false},"author":2,"featured_media":0,"comment_status":"closed","ping_status":"open","sticky":false,"template":"","format":"standard","meta":{"footnotes":""},"categories":[1,32],"tags":[],"class_list":["post-842","post","type-post","status-publish","format-standard","hentry","category-allgemein","category-sportheim"],"yoast_head":"<!-- This site is optimized with the Yoast SEO plugin v27.5 - https:\/\/yoast.com\/product\/yoast-seo-wordpress\/ -->\n<title>Hausball 2015 - VfL Fluorn Fu\u00dfball 1924 e.V.<\/title>\n<meta name=\"robots\" content=\"index, follow, max-snippet:-1, max-image-preview:large, max-video-preview:-1\" \/>\n<link rel=\"canonical\" href=\"https:\/\/www.vfl-fluorn-fussball.de\/wordpress\/hausball-2015\/\" \/>\n<meta property=\"og:locale\" content=\"de_DE\" \/>\n<meta property=\"og:type\" content=\"article\" \/>\n<meta property=\"og:title\" content=\"Hausball 2015 - VfL Fluorn Fu\u00dfball 1924 e.V.\" \/>\n<meta property=\"og:description\" content=\"Am 06. Februar hat der diesj\u00e4hrige Hausball des VfL nach einer kurzen Pause erneut stattgefunden. Bei guter Stimmung und zahlreichen G\u00e4sten wurde eine tierisch gute Party gefeiert. Auch der Schwarzw\u00e4lder Bote\u00a0berichtete bereits von dem gelungenen Ereignis. zum Bericht&#8230; Vielen Dank Allen, die zum Gelingen beigetragen haben.\" \/>\n<meta property=\"og:url\" content=\"https:\/\/www.vfl-fluorn-fussball.de\/wordpress\/hausball-2015\/\" \/>\n<meta property=\"og:site_name\" content=\"VfL Fluorn Fu\u00dfball 1924 e.V.\" \/>\n<meta property=\"article:publisher\" content=\"https:\/\/de-de.facebook.com\/p\/Vfl-Fluorn-1924-eV-100036848576053\/\" \/>\n<meta property=\"article:published_time\" content=\"2015-02-15T18:34:23+00:00\" \/>\n<meta property=\"article:modified_time\" content=\"2015-02-15T19:11:32+00:00\" \/>\n<meta property=\"og:image\" content=\"https:\/\/www.vfl-fluorn-fussball.de\/wordpress\/wp-content\/uploads\/2023\/12\/HeaderWMSponsors4_final-1024x576.png\" \/>\n\t<meta property=\"og:image:width\" content=\"1024\" \/>\n\t<meta property=\"og:image:height\" content=\"576\" \/>\n\t<meta property=\"og:image:type\" content=\"image\/png\" \/>\n<meta name=\"author\" content=\"Markus Aichholz\" \/>\n<meta name=\"twitter:label1\" content=\"Verfasst von\" \/>\n\t<meta name=\"twitter:data1\" content=\"Markus Aichholz\" \/>\n<script type=\"application\/ld+json\" class=\"yoast-schema-graph\">{\"@context\":\"https:\\\/\\\/schema.org\",\"@graph\":[{\"@type\":\"Article\",\"@id\":\"https:\\\/\\\/www.vfl-fluorn-fussball.de\\\/wordpress\\\/hausball-2015\\\/#article\",\"isPartOf\":{\"@id\":\"https:\\\/\\\/www.vfl-fluorn-fussball.de\\\/wordpress\\\/hausball-2015\\\/\"},\"author\":{\"name\":\"Markus Aichholz\",\"@id\":\"https:\\\/\\\/www.vfl-fluorn-fussball.de\\\/wordpress\\\/#\\\/schema\\\/person\\\/b515d649de8435b270a23cbb64b2cf22\"},\"headline\":\"Hausball 2015\",\"datePublished\":\"2015-02-15T18:34:23+00:00\",\"dateModified\":\"2015-02-15T19:11:32+00:00\",\"mainEntityOfPage\":{\"@id\":\"https:\\\/\\\/www.vfl-fluorn-fussball.de\\\/wordpress\\\/hausball-2015\\\/\"},\"wordCount\":52,\"publisher\":{\"@id\":\"https:\\\/\\\/www.vfl-fluorn-fussball.de\\\/wordpress\\\/#organization\"},\"articleSection\":{\"1\":\"Sportheim\"},\"inLanguage\":\"de\"},{\"@type\":\"WebPage\",\"@id\":\"https:\\\/\\\/www.vfl-fluorn-fussball.de\\\/wordpress\\\/hausball-2015\\\/\",\"url\":\"https:\\\/\\\/www.vfl-fluorn-fussball.de\\\/wordpress\\\/hausball-2015\\\/\",\"name\":\"Hausball 2015 - VfL Fluorn Fu\u00dfball 1924 e.V.\",\"isPartOf\":{\"@id\":\"https:\\\/\\\/www.vfl-fluorn-fussball.de\\\/wordpress\\\/#website\"},\"datePublished\":\"2015-02-15T18:34:23+00:00\",\"dateModified\":\"2015-02-15T19:11:32+00:00\",\"breadcrumb\":{\"@id\":\"https:\\\/\\\/www.vfl-fluorn-fussball.de\\\/wordpress\\\/hausball-2015\\\/#breadcrumb\"},\"inLanguage\":\"de\",\"potentialAction\":[{\"@type\":\"ReadAction\",\"target\":[\"https:\\\/\\\/www.vfl-fluorn-fussball.de\\\/wordpress\\\/hausball-2015\\\/\"]}]},{\"@type\":\"BreadcrumbList\",\"@id\":\"https:\\\/\\\/www.vfl-fluorn-fussball.de\\\/wordpress\\\/hausball-2015\\\/#breadcrumb\",\"itemListElement\":[{\"@type\":\"ListItem\",\"position\":1,\"name\":\"Home\",\"item\":\"https:\\\/\\\/www.vfl-fluorn-fussball.de\\\/wordpress\\\/\"},{\"@type\":\"ListItem\",\"position\":2,\"name\":\"Hausball 2015\"}]},{\"@type\":\"WebSite\",\"@id\":\"https:\\\/\\\/www.vfl-fluorn-fussball.de\\\/wordpress\\\/#website\",\"url\":\"https:\\\/\\\/www.vfl-fluorn-fussball.de\\\/wordpress\\\/\",\"name\":\"VfL Fluorn Fu\u00dfball 1924 e.V.\",\"description\":\"Mein Freund ist aus Leder\",\"publisher\":{\"@id\":\"https:\\\/\\\/www.vfl-fluorn-fussball.de\\\/wordpress\\\/#organization\"},\"potentialAction\":[{\"@type\":\"SearchAction\",\"target\":{\"@type\":\"EntryPoint\",\"urlTemplate\":\"https:\\\/\\\/www.vfl-fluorn-fussball.de\\\/wordpress\\\/?s={search_term_string}\"},\"query-input\":{\"@type\":\"PropertyValueSpecification\",\"valueRequired\":true,\"valueName\":\"search_term_string\"}}],\"inLanguage\":\"de\"},{\"@type\":\"Organization\",\"@id\":\"https:\\\/\\\/www.vfl-fluorn-fussball.de\\\/wordpress\\\/#organization\",\"name\":\"VfL Fluorn Fu\u00dfball 1924 e.V.\",\"url\":\"https:\\\/\\\/www.vfl-fluorn-fussball.de\\\/wordpress\\\/\",\"logo\":{\"@type\":\"ImageObject\",\"inLanguage\":\"de\",\"@id\":\"https:\\\/\\\/www.vfl-fluorn-fussball.de\\\/wordpress\\\/#\\\/schema\\\/logo\\\/image\\\/\",\"url\":\"https:\\\/\\\/www.vfl-fluorn-fussball.de\\\/wordpress\\\/wp-content\\\/uploads\\\/2023\\\/12\\\/VfLLogoOhneHintergrund.png\",\"contentUrl\":\"https:\\\/\\\/www.vfl-fluorn-fussball.de\\\/wordpress\\\/wp-content\\\/uploads\\\/2023\\\/12\\\/VfLLogoOhneHintergrund.png\",\"width\":963,\"height\":963,\"caption\":\"VfL Fluorn Fu\u00dfball 1924 e.V.\"},\"image\":{\"@id\":\"https:\\\/\\\/www.vfl-fluorn-fussball.de\\\/wordpress\\\/#\\\/schema\\\/logo\\\/image\\\/\"},\"sameAs\":[\"https:\\\/\\\/de-de.facebook.com\\\/p\\\/Vfl-Fluorn-1924-eV-100036848576053\\\/\"]},{\"@type\":\"Person\",\"@id\":\"https:\\\/\\\/www.vfl-fluorn-fussball.de\\\/wordpress\\\/#\\\/schema\\\/person\\\/b515d649de8435b270a23cbb64b2cf22\",\"name\":\"Markus Aichholz\",\"image\":{\"@type\":\"ImageObject\",\"inLanguage\":\"de\",\"@id\":\"https:\\\/\\\/secure.gravatar.com\\\/avatar\\\/1956b8faff6d429aced2d7cde92918958a5ff014dfa33567632cf516202fc3b0?s=96&d=mm&r=g\",\"url\":\"https:\\\/\\\/secure.gravatar.com\\\/avatar\\\/1956b8faff6d429aced2d7cde92918958a5ff014dfa33567632cf516202fc3b0?s=96&d=mm&r=g\",\"contentUrl\":\"https:\\\/\\\/secure.gravatar.com\\\/avatar\\\/1956b8faff6d429aced2d7cde92918958a5ff014dfa33567632cf516202fc3b0?s=96&d=mm&r=g\",\"caption\":\"Markus Aichholz\"},\"url\":\"https:\\\/\\\/www.vfl-fluorn-fussball.de\\\/wordpress\\\/author\\\/markusaich\\\/\"}]}<\/script>\n<!-- \/ Yoast SEO plugin. -->","yoast_head_json":{"title":"Hausball 2015 - VfL Fluorn Fu\u00dfball 1924 e.V.","robots":{"index":"index","follow":"follow","max-snippet":"max-snippet:-1","max-image-preview":"max-image-preview:large","max-video-preview":"max-video-preview:-1"},"canonical":"https:\/\/www.vfl-fluorn-fussball.de\/wordpress\/hausball-2015\/","og_locale":"de_DE","og_type":"article","og_title":"Hausball 2015 - VfL Fluorn Fu\u00dfball 1924 e.V.","og_description":"Am 06. Februar hat der diesj\u00e4hrige Hausball des VfL nach einer kurzen Pause erneut stattgefunden. Bei guter Stimmung und zahlreichen G\u00e4sten wurde eine tierisch gute Party gefeiert. Auch der Schwarzw\u00e4lder Bote\u00a0berichtete bereits von dem gelungenen Ereignis. zum Bericht&#8230; Vielen Dank Allen, die zum Gelingen beigetragen haben.","og_url":"https:\/\/www.vfl-fluorn-fussball.de\/wordpress\/hausball-2015\/","og_site_name":"VfL Fluorn Fu\u00dfball 1924 e.V.","article_publisher":"https:\/\/de-de.facebook.com\/p\/Vfl-Fluorn-1924-eV-100036848576053\/","article_published_time":"2015-02-15T18:34:23+00:00","article_modified_time":"2015-02-15T19:11:32+00:00","og_image":[{"width":1024,"height":576,"url":"https:\/\/www.vfl-fluorn-fussball.de\/wordpress\/wp-content\/uploads\/2023\/12\/HeaderWMSponsors4_final-1024x576.png","type":"image\/png"}],"author":"Markus Aichholz","twitter_misc":{"Verfasst von":"Markus Aichholz"},"schema":{"@context":"https:\/\/schema.org","@graph":[{"@type":"Article","@id":"https:\/\/www.vfl-fluorn-fussball.de\/wordpress\/hausball-2015\/#article","isPartOf":{"@id":"https:\/\/www.vfl-fluorn-fussball.de\/wordpress\/hausball-2015\/"},"author":{"name":"Markus Aichholz","@id":"https:\/\/www.vfl-fluorn-fussball.de\/wordpress\/#\/schema\/person\/b515d649de8435b270a23cbb64b2cf22"},"headline":"Hausball 2015","datePublished":"2015-02-15T18:34:23+00:00","dateModified":"2015-02-15T19:11:32+00:00","mainEntityOfPage":{"@id":"https:\/\/www.vfl-fluorn-fussball.de\/wordpress\/hausball-2015\/"},"wordCount":52,"publisher":{"@id":"https:\/\/www.vfl-fluorn-fussball.de\/wordpress\/#organization"},"articleSection":{"1":"Sportheim"},"inLanguage":"de"},{"@type":"WebPage","@id":"https:\/\/www.vfl-fluorn-fussball.de\/wordpress\/hausball-2015\/","url":"https:\/\/www.vfl-fluorn-fussball.de\/wordpress\/hausball-2015\/","name":"Hausball 2015 - VfL Fluorn Fu\u00dfball 1924 e.V.","isPartOf":{"@id":"https:\/\/www.vfl-fluorn-fussball.de\/wordpress\/#website"},"datePublished":"2015-02-15T18:34:23+00:00","dateModified":"2015-02-15T19:11:32+00:00","breadcrumb":{"@id":"https:\/\/www.vfl-fluorn-fussball.de\/wordpress\/hausball-2015\/#breadcrumb"},"inLanguage":"de","potentialAction":[{"@type":"ReadAction","target":["https:\/\/www.vfl-fluorn-fussball.de\/wordpress\/hausball-2015\/"]}]},{"@type":"BreadcrumbList","@id":"https:\/\/www.vfl-fluorn-fussball.de\/wordpress\/hausball-2015\/#breadcrumb","itemListElement":[{"@type":"ListItem","position":1,"name":"Home","item":"https:\/\/www.vfl-fluorn-fussball.de\/wordpress\/"},{"@type":"ListItem","position":2,"name":"Hausball 2015"}]},{"@type":"WebSite","@id":"https:\/\/www.vfl-fluorn-fussball.de\/wordpress\/#website","url":"https:\/\/www.vfl-fluorn-fussball.de\/wordpress\/","name":"VfL Fluorn Fu\u00dfball 1924 e.V.","description":"Mein Freund ist aus Leder","publisher":{"@id":"https:\/\/www.vfl-fluorn-fussball.de\/wordpress\/#organization"},"potentialAction":[{"@type":"SearchAction","target":{"@type":"EntryPoint","urlTemplate":"https:\/\/www.vfl-fluorn-fussball.de\/wordpress\/?s={search_term_string}"},"query-input":{"@type":"PropertyValueSpecification","valueRequired":true,"valueName":"search_term_string"}}],"inLanguage":"de"},{"@type":"Organization","@id":"https:\/\/www.vfl-fluorn-fussball.de\/wordpress\/#organization","name":"VfL Fluorn Fu\u00dfball 1924 e.V.","url":"https:\/\/www.vfl-fluorn-fussball.de\/wordpress\/","logo":{"@type":"ImageObject","inLanguage":"de","@id":"https:\/\/www.vfl-fluorn-fussball.de\/wordpress\/#\/schema\/logo\/image\/","url":"https:\/\/www.vfl-fluorn-fussball.de\/wordpress\/wp-content\/uploads\/2023\/12\/VfLLogoOhneHintergrund.png","contentUrl":"https:\/\/www.vfl-fluorn-fussball.de\/wordpress\/wp-content\/uploads\/2023\/12\/VfLLogoOhneHintergrund.png","width":963,"height":963,"caption":"VfL Fluorn Fu\u00dfball 1924 e.V."},"image":{"@id":"https:\/\/www.vfl-fluorn-fussball.de\/wordpress\/#\/schema\/logo\/image\/"},"sameAs":["https:\/\/de-de.facebook.com\/p\/Vfl-Fluorn-1924-eV-100036848576053\/"]},{"@type":"Person","@id":"https:\/\/www.vfl-fluorn-fussball.de\/wordpress\/#\/schema\/person\/b515d649de8435b270a23cbb64b2cf22","name":"Markus Aichholz","image":{"@type":"ImageObject","inLanguage":"de","@id":"https:\/\/secure.gravatar.com\/avatar\/1956b8faff6d429aced2d7cde92918958a5ff014dfa33567632cf516202fc3b0?s=96&d=mm&r=g","url":"https:\/\/secure.gravatar.com\/avatar\/1956b8faff6d429aced2d7cde92918958a5ff014dfa33567632cf516202fc3b0?s=96&d=mm&r=g","contentUrl":"https:\/\/secure.gravatar.com\/avatar\/1956b8faff6d429aced2d7cde92918958a5ff014dfa33567632cf516202fc3b0?s=96&d=mm&r=g","caption":"Markus Aichholz"},"url":"https:\/\/www.vfl-fluorn-fussball.de\/wordpress\/author\/markusaich\/"}]}},"_links":{"self":[{"href":"https:\/\/www.vfl-fluorn-fussball.de\/wordpress\/wp-json\/wp\/v2\/posts\/842","targetHints":{"allow":["GET"]}}],"collection":[{"href":"https:\/\/www.vfl-fluorn-fussball.de\/wordpress\/wp-json\/wp\/v2\/posts"}],"about":[{"href":"https:\/\/www.vfl-fluorn-fussball.de\/wordpress\/wp-json\/wp\/v2\/types\/post"}],"author":[{"embeddable":true,"href":"https:\/\/www.vfl-fluorn-fussball.de\/wordpress\/wp-json\/wp\/v2\/users\/2"}],"replies":[{"embeddable":true,"href":"https:\/\/www.vfl-fluorn-fussball.de\/wordpress\/wp-json\/wp\/v2\/comments?post=842"}],"version-history":[{"count":5,"href":"https:\/\/www.vfl-fluorn-fussball.de\/wordpress\/wp-json\/wp\/v2\/posts\/842\/revisions"}],"predecessor-version":[{"id":871,"href":"https:\/\/www.vfl-fluorn-fussball.de\/wordpress\/wp-json\/wp\/v2\/posts\/842\/revisions\/871"}],"wp:attachment":[{"href":"https:\/\/www.vfl-fluorn-fussball.de\/wordpress\/wp-json\/wp\/v2\/media?parent=842"}],"wp:term":[{"taxonomy":"category","embeddable":true,"href":"https:\/\/www.vfl-fluorn-fussball.de\/wordpress\/wp-json\/wp\/v2\/categories?post=842"},{"taxonomy":"post_tag","embeddable":true,"href":"https:\/\/www.vfl-fluorn-fussball.de\/wordpress\/wp-json\/wp\/v2\/tags?post=842"}],"curies":[{"name":"wp","href":"https:\/\/api.w.org\/{rel}","templated":true}]}}